{"id":13147,"date":"2016-03-14T08:25:36","date_gmt":"2016-03-14T07:25:36","guid":{"rendered":"http:\/\/w2.baztan.eus\/news\/euskarazko-udalekuak-campamentos-de-verano-en-euskera-2018\/"},"modified":"2016-03-14T08:25:36","modified_gmt":"2016-03-14T07:25:36","slug":"euskarazko-udalekuak-campamentos-de-verano-en-euskera-2018","status":"publish","type":"noticias","link":"https:\/\/www.baztan.eus\/es\/noticias\/euskarazko-udalekuak-campamentos-de-verano-en-euskera-2018\/","title":{"rendered":"Euskarazko Udalekuak\/ Campamentos de Verano en euskera 2018"},"content":{"rendered":"<p><!--StartFragment--><\/p>\n<p>Los servicios de euskera de las entidades locales\u00a0de Navarra fomentan la utilizaci\u00f3n del euskera en el \u00e1mbito extraescolar. Lo hacen mediante diversas actividades, entre ellas, los campamentos de verano para alumnado de modelo D, donde los ni\u00f1os y ni\u00f1as utilizan el euskera con sus amigas y amigos.<\/p>\n<p>Se ha elaborado una relaci\u00f3n de campamentos que son adecuados para el alumnado de modelo D. Las personas responsables de los y las ni\u00f1as deber\u00e1n elegir el campamento, formalizar su matr\u00edcula all\u00ed y resolver las cuestiones relativas a la organizaci\u00f3n con los y las responsables de ese campamento.<\/p>\n<p><a href=\"http:\/\/www.baztan.eus\/wp-content\/uploads\/2016\/03\/LH-eskaintza.pdf\" class=\"mtli_attachment mtli_pdf\">LH eskaintza<\/a><\/p>\n<p><a href=\"http:\/\/www.baztan.eus\/wp-content\/uploads\/2016\/03\/DBH-eskaintza.pdf\" class=\"mtli_attachment mtli_pdf\">DBH eskaintza<\/a><\/p>\n<p><!--EndFragment--><\/p>\n","protected":false},"author":19054,"featured_media":0,"template":"","format":"standard","meta":{"_wpml_word_count":["{\"total\":0,\"to_translate\":{\"eu\":115,\"es\":115}}"],"_wpml_media_featured":["1"],"_wpml_media_duplicate":["1"],"_last_translation_edit_mode":["translation-editor"],"_qt_imported":["from-13116"],"_qt_links_fixed":["1"]},"class_list":["post-13147","noticias","type-noticias","status-publish","format-standard","hentry"],"_links":{"self":[{"href":"https:\/\/www.baztan.eus\/es\/wp-json\/wp\/v2\/noticias\/13147","targetHints":{"allow":["GET"]}}],"collection":[{"href":"https:\/\/www.baztan.eus\/es\/wp-json\/wp\/v2\/noticias"}],"about":[{"href":"https:\/\/www.baztan.eus\/es\/wp-json\/wp\/v2\/types\/noticias"}],"author":[{"embeddable":true,"href":"https:\/\/www.baztan.eus\/es\/wp-json\/wp\/v2\/users\/19054"}],"wp:attachment":[{"href":"https:\/\/www.baztan.eus\/es\/wp-json\/wp\/v2\/media?parent=13147"}],"curies":[{"name":"wp","href":"https:\/\/api.w.org\/{rel}","templated":true}]}}