{"id":13161,"date":"2019-09-04T10:14:03","date_gmt":"2019-09-04T08:14:03","guid":{"rendered":"http:\/\/w2.baztan.eus\/news\/convocatoria-de-ayudas-economicas-para-aprender-euskera\/"},"modified":"2019-09-04T10:14:03","modified_gmt":"2019-09-04T08:14:03","slug":"convocatoria-de-ayudas-economicas-para-aprender-euskera","status":"publish","type":"noticias","link":"https:\/\/www.baztan.eus\/es\/noticias\/convocatoria-de-ayudas-economicas-para-aprender-euskera\/","title":{"rendered":"CONVOCATORIA DE AYUDAS ECON\u00d3MICAS PARA APRENDER EUSKERA"},"content":{"rendered":"<p>Como en a\u00f1os anteriores, el ayuntamiento de Baztan ha aprobado la concesi\u00f3n de ayudas econ\u00f3micas a las y los vecinos de Baztan que realizan alg\u00fan curso para el aprendizaje de euskera.\u00a0 Podr\u00e1n solicitar la subvenci\u00f3n las personas mayores de 16 a\u00f1os, que est\u00e9n empadronadas en Baztan, y que hayan estado matriculadas\u00a0 en alg\u00fan curso de alg\u00fan euskaltegi el curso 2018-19 (del 1 de septiembre de 2018 a 31 de agosto de 2019) y haber abonado la matr\u00edcula.<\/p>\n<p><a href=\"http:\/\/www.baztan.eus\/wp-content\/uploads\/2019\/09\/CONVOCATORIA.pdf\" class=\"mtli_attachment mtli_pdf\" target=\"_blank\" rel=\"noopener noreferrer\">CONVOCATORIA<\/a><\/p>\n<p><a href=\"http:\/\/www.baztan.eus\/wp-content\/uploads\/2019\/09\/Eskabidea.pdf\" class=\"mtli_attachment mtli_pdf\" target=\"_blank\" rel=\"noopener noreferrer\">INSTANCIA<\/a><\/p>\n<p><strong>El plazo<\/strong> para la presentaci\u00f3n de solicitudes ser\u00e1\u00a0<strong>del 2 al 27 de septiembre<\/strong> (hasta las 14:00 horas) de 2019.<\/p>\n<p>&nbsp;<\/p>\n","protected":false},"author":138,"featured_media":0,"template":"","format":"standard","meta":{"_wpml_word_count":["{\"total\":0,\"to_translate\":{\"eu\":116,\"es\":116}}"],"_wpml_media_featured":["1"],"_wpml_media_duplicate":["1"],"_last_translation_edit_mode":["translation-editor"],"_qt_imported":["from-13109"],"_qt_links_fixed":["1"]},"class_list":["post-13161","noticias","type-noticias","status-publish","format-standard","hentry"],"_links":{"self":[{"href":"https:\/\/www.baztan.eus\/es\/wp-json\/wp\/v2\/noticias\/13161","targetHints":{"allow":["GET"]}}],"collection":[{"href":"https:\/\/www.baztan.eus\/es\/wp-json\/wp\/v2\/noticias"}],"about":[{"href":"https:\/\/www.baztan.eus\/es\/wp-json\/wp\/v2\/types\/noticias"}],"author":[{"embeddable":true,"href":"https:\/\/www.baztan.eus\/es\/wp-json\/wp\/v2\/users\/138"}],"wp:attachment":[{"href":"https:\/\/www.baztan.eus\/es\/wp-json\/wp\/v2\/media?parent=13161"}],"curies":[{"name":"wp","href":"https:\/\/api.w.org\/{rel}","templated":true}]}}