{"id":14986,"date":"2021-05-03T05:55:10","date_gmt":"2021-05-03T05:55:10","guid":{"rendered":"http:\/\/w2.baztan.eus\/?post_type=noticias&#038;p=14986"},"modified":"2021-05-06T06:02:23","modified_gmt":"2021-05-06T06:02:23","slug":"ayudas-del-gobierno-de-navarra-del-ambito-familiar","status":"publish","type":"noticias","link":"https:\/\/www.baztan.eus\/es\/noticias\/ayudas-del-gobierno-de-navarra-del-ambito-familiar\/","title":{"rendered":"AYUDAS DEL GOBIERNO DE NAVARRA DEL \u00c1MBITO FAMILIAR"},"content":{"rendered":"<p><em><a href=\"https:\/\/www.navarra.es\/eu\/web\/guest\/tramiteak\/on\/-\/line\/Ayudas-a-familias-numerosas-y-familias-monoparentales-para-gastos-extraordinarios-de-protesis-auditivas-prescripciones-opticas-y-ortodoncia-2021?back=true&amp;pageBackId=5722676\" target=\"_blank\" rel=\"noopener noreferrer\">Compra o sustituci\u00f3n de pr\u00f3tesis auditivas, prescripciones \u00f3pticas<\/a> <\/em><\/p>\n<p><a href=\"https:\/\/www.navarra.es\/eu\/web\/guest\/tramiteak\/on\/-\/line\/Ayudas-a-familias-numerosas-y-familias-monoparentales-para-gastos-extraordinarios-de-protesis-auditivas-prescripciones-opticas-y-ortodoncia-2021?back=true&amp;pageBackId=5722676\" target=\"_blank\" rel=\"noopener noreferrer\"><em>\u00danica persona adulta que tiene a su exclusivo cargo y cuidado a los menores<\/em><\/a><\/p>\n<p><a href=\"https:\/\/www.navarra.es\/eu\/web\/guest\/tramiteak\/on\/-\/line\/Ayudas-a-personas-trabajadoras-en-excedencia-para-el-cuidado-de-familiares-2021?back=true&amp;pageBackId=5722676\" target=\"_blank\" rel=\"noopener noreferrer\"><em>Por la excedencia para cuidados<\/em><\/a><\/p>\n","protected":false},"author":1,"featured_media":12701,"template":"","format":"standard","meta":{"_wpml_word_count":["{\"total\":0,\"to_translate\":{\"eu\":43,\"es\":43}}"],"_edit_last":["1"],"_thumbnail_id":["12701"],"imagenslia":[""],"subti":[""],"_wpml_media_duplicate":["1"],"_wpml_media_featured":["1"],"_last_translation_edit_mode":["translation-editor"],"_edit_lock":["1620280943:1"],"_wp_old_date":["2021-05-06"]},"class_list":["post-14986","noticias","type-noticias","status-publish","format-standard","has-post-thumbnail","hentry","categorianoticias-actualidad"],"_links":{"self":[{"href":"https:\/\/www.baztan.eus\/es\/wp-json\/wp\/v2\/noticias\/14986","targetHints":{"allow":["GET"]}}],"collection":[{"href":"https:\/\/www.baztan.eus\/es\/wp-json\/wp\/v2\/noticias"}],"about":[{"href":"https:\/\/www.baztan.eus\/es\/wp-json\/wp\/v2\/types\/noticias"}],"author":[{"embeddable":true,"href":"https:\/\/www.baztan.eus\/es\/wp-json\/wp\/v2\/users\/1"}],"wp:featuredmedia":[{"embeddable":true,"href":"https:\/\/www.baztan.eus\/es\/wp-json\/wp\/v2\/media\/12701"}],"wp:attachment":[{"href":"https:\/\/www.baztan.eus\/es\/wp-json\/wp\/v2\/media?parent=14986"}],"curies":[{"name":"wp","href":"https:\/\/api.w.org\/{rel}","templated":true}]}}