{"id":18657,"date":"2022-08-04T08:27:23","date_gmt":"2022-08-04T08:27:23","guid":{"rendered":"http:\/\/www.baztan.eus\/?post_type=noticias&#038;p=18657"},"modified":"2022-08-04T09:16:24","modified_gmt":"2022-08-04T09:16:24","slug":"convocatoria-para-la-provision-mediante-concurso-oposicion-de-una-plaza-de-tecnico-a-de-administracion-de-personal","status":"publish","type":"noticias","link":"https:\/\/www.baztan.eus\/es\/noticias\/convocatoria-para-la-provision-mediante-concurso-oposicion-de-una-plaza-de-tecnico-a-de-administracion-de-personal\/","title":{"rendered":"Convocatoria para la provisi\u00f3n, mediante concurso oposici\u00f3n, de una plaza de t\u00e9cnico\/a de administraci\u00f3n de personal"},"content":{"rendered":"<p><a href=\"http:\/\/www.baztan.eus\/es\/convocatoria-para-la-provision-mediante-concurso-oposicion-de-una-plaza-de-tecnico-a-de-administracion-de-personal\/\">Convocatoria para la provisi\u00f3n, mediante concurso oposici\u00f3n, de una plaza de t\u00e9cnico\/a de administraci\u00f3n de personal \u2013 Ayuntamiento de Baztan<\/a><\/p>\n<p>&nbsp;<\/p>\n<p>&nbsp;<\/p>\n<p>&nbsp;<\/p>\n<p>&nbsp;<\/p>\n","protected":false},"author":14,"featured_media":18650,"template":"","format":"standard","meta":{"_wpml_word_count":["{\"total\":0,\"to_translate\":{\"eu\":2,\"es\":2}}"],"_edit_lock":["1659604471:14"],"_edit_last":["14"],"imagenslia":[""],"_wpml_media_duplicate":["1"],"_wpml_media_featured":["1"],"subti":[""],"_last_translation_edit_mode":["native-editor"],"_thumbnail_id":["18650"]},"class_list":["post-18657","noticias","type-noticias","status-publish","format-standard","has-post-thumbnail","hentry","categorianoticias-actualidad","categorianoticias-ofertas-de-empleo"],"_links":{"self":[{"href":"https:\/\/www.baztan.eus\/es\/wp-json\/wp\/v2\/noticias\/18657","targetHints":{"allow":["GET"]}}],"collection":[{"href":"https:\/\/www.baztan.eus\/es\/wp-json\/wp\/v2\/noticias"}],"about":[{"href":"https:\/\/www.baztan.eus\/es\/wp-json\/wp\/v2\/types\/noticias"}],"author":[{"embeddable":true,"href":"https:\/\/www.baztan.eus\/es\/wp-json\/wp\/v2\/users\/14"}],"wp:featuredmedia":[{"embeddable":true,"href":"https:\/\/www.baztan.eus\/es\/wp-json\/wp\/v2\/media\/18650"}],"wp:attachment":[{"href":"https:\/\/www.baztan.eus\/es\/wp-json\/wp\/v2\/media?parent=18657"}],"curies":[{"name":"wp","href":"https:\/\/api.w.org\/{rel}","templated":true}]}}