{"id":18903,"date":"2022-09-01T12:50:49","date_gmt":"2022-09-01T12:50:49","guid":{"rendered":"http:\/\/www.baztan.eus\/?post_type=noticias&#038;p=18903"},"modified":"2022-09-16T12:02:24","modified_gmt":"2022-09-16T12:02:24","slug":"aprobado-el-ii-plan-para-la-igualdad-de-mujeres-y-hombres-de-baztan-2022-2026","status":"publish","type":"noticias","link":"https:\/\/www.baztan.eus\/es\/noticias\/aprobado-el-ii-plan-para-la-igualdad-de-mujeres-y-hombres-de-baztan-2022-2026\/","title":{"rendered":"Aprobado el II Plan para la Igualdad de Mujeres* y Hombres* de Baztan (2022-2026)"},"content":{"rendered":"<p>El Plan es un documento estrat\u00e9gico del Ayuntamiento para avanzar hacia una igualdad real y efectiva entre mujeres y hombres.<\/p>\n<p><a href=\"http:\/\/www.baztan.eus\/wp-content\/uploads\/2022\/08\/II-PLANA-txostena-CAS-azkena.pdf\" class=\"mtli_attachment mtli_pdf\"><strong>II Plan para la Igualdad<\/strong><\/a><\/p>\n<p>El Plan de Igualdad es un instrumento de trabajo adecuado para organizar, planificar y evaluar las acciones que se promuevan para conseguir la igualdad real entre mujeres y hombres.<\/p>\n<p>El proceso de evaluaci\u00f3n del I Plan de Igualdad de Baztan arranc\u00f3 en oto\u00f1o de 2021 y termin\u00f3 en 2022. A partir de la informaci\u00f3n extra\u00edda de dicho an\u00e1lisis y con las conclusiones extra\u00eddas de aquel proceso y algunos datos estad\u00edsticos se elabor\u00f3 el Informe de Diagn\u00f3stico y el II Plan de Igualdad. Estos procesos de reflexi\u00f3n y contraste los hemos llevado a cabo junto al movimiento feminista, personal t\u00e9cnico municipal, diferentes grupos de mujeres y representantes pol\u00edticos. En estos procesos hemos identificado y dado respuesta a los retos de Baztan en materia de igualdad.<\/p>\n<p>El Plan consta de seis apartados: Introducci\u00f3n; C\u00f3mo se ha realizado; Marco regulador y program\u00e1tico; Principios y Garant\u00edas; Descripci\u00f3n del II Plan y Sistema de Gesti\u00f3n.<\/p>\n<p>En el desarrollo de este Plan se ha tratado de elaborar un documento \u00e1gil, comprensible y realista.<\/p>\n<p>Se estructurar\u00e1 en cuatro ejes de trabajo: <em>Integraci\u00f3n de la perspectiva de g\u00e9nero en la actividad municipal<\/em>; <em>Violencia machista contra las mujeres<\/em>; <em>Econom\u00eda desde la perspectiva de los cuidados<\/em>; y, por \u00faltimo, <em>Romper los roles y estereotipos de g\u00e9nero para consolidar la igualdad y empoderamiento de las mujeres<\/em>.<\/p>\n<p>Este Plan, que estar\u00e1 vigente entre 2022 y 2026, plantea 50 acciones, divididas en 4 ejes de trabajo, que incluyen 15 objetivos. Por cada acci\u00f3n se indica el calendario previsto y las \u00e1reas responsables de la ejecuci\u00f3n del plan, as\u00ed como los indicadores de seguimiento y evaluaci\u00f3n.<\/p>\n<p>Mediante estas l\u00edneas, el Ayuntamiento de Baztan y el Servicio de Igualdad quieren agradecer el trabajo realizado y las aportaciones recibidas en el proceso de elaboraci\u00f3n del diagn\u00f3stico y del Plan. Por ello, quiere agradecer a las asociaciones y ciudadan\u00eda que han participado en grupos de debate, entrevistas, etc., as\u00ed como al personal pol\u00edtico y t\u00e9cnico del Ayuntamiento. Entre todas\/os construiremos un Baztan m\u00e1s igualitario, justo y sostenible.<\/p>\n<h3>Puedes leer y\/o descargar el II Plan en: <span style=\"color: #3366ff;\"><a style=\"color: #3366ff;\" href=\"https:\/\/labur.eus\/wsONc\">https:\/\/labur.eus\/wsONc<\/a><\/span><\/h3>\n","protected":false},"author":3,"featured_media":19003,"template":"","format":"standard","meta":{"subti":["Aprobado por unanimidad en el Pleno del 21 de julio"],"imagenslia":[""],"_wpml_word_count":["{\"total\":280,\"to_translate\":{\"es\":280}}"],"_wpml_media_featured":["1"],"_wpml_media_duplicate":["1"],"_edit_lock":["1663837100:3"],"_edit_last":["3"],"_last_translation_edit_mode":["native-editor"],"_thumbnail_id":["19003"]},"class_list":["post-18903","noticias","type-noticias","status-publish","format-standard","has-post-thumbnail","hentry","categorianoticias-actualidad"],"_links":{"self":[{"href":"https:\/\/www.baztan.eus\/es\/wp-json\/wp\/v2\/noticias\/18903","targetHints":{"allow":["GET"]}}],"collection":[{"href":"https:\/\/www.baztan.eus\/es\/wp-json\/wp\/v2\/noticias"}],"about":[{"href":"https:\/\/www.baztan.eus\/es\/wp-json\/wp\/v2\/types\/noticias"}],"author":[{"embeddable":true,"href":"https:\/\/www.baztan.eus\/es\/wp-json\/wp\/v2\/users\/3"}],"wp:featuredmedia":[{"embeddable":true,"href":"https:\/\/www.baztan.eus\/es\/wp-json\/wp\/v2\/media\/19003"}],"wp:attachment":[{"href":"https:\/\/www.baztan.eus\/es\/wp-json\/wp\/v2\/media?parent=18903"}],"curies":[{"name":"wp","href":"https:\/\/api.w.org\/{rel}","templated":true}]}}