{"id":19088,"date":"2022-10-13T11:56:04","date_gmt":"2022-10-13T11:56:04","guid":{"rendered":"http:\/\/www.baztan.eus\/noticias\/urriak-15-landa-eremuko-emakumeen-nazioarteko-eguna\/"},"modified":"2022-10-14T08:34:46","modified_gmt":"2022-10-14T08:34:46","slug":"urriak-15-landa-eremuko-emakumeen-nazioarteko-eguna","status":"publish","type":"noticias","link":"https:\/\/www.baztan.eus\/es\/noticias\/urriak-15-landa-eremuko-emakumeen-nazioarteko-eguna\/","title":{"rendered":"15 de octubre &#8211; D\u00eda Internacional de las Mujeres Rurales"},"content":{"rendered":"<h2><span style=\"color: #800080;\">D\u00cdA INTERNACIONAL DE LAS MUJERES RURALES &#8211; Agenda de actividades<\/span><\/h2>\n<p><img loading=\"lazy\" decoding=\"async\" class=\"size-medium wp-image-18968 alignleft\" src=\"http:\/\/www.baztan.eus\/wp-content\/uploads\/2022\/09\/kartela-229x300.jpeg\" alt=\"\" width=\"229\" height=\"300\" srcset=\"https:\/\/www.baztan.eus\/wp-content\/uploads\/2022\/09\/kartela-229x300.jpeg 229w, https:\/\/www.baztan.eus\/wp-content\/uploads\/2022\/09\/kartela-781x1024.jpeg 781w, https:\/\/www.baztan.eus\/wp-content\/uploads\/2022\/09\/kartela-768x1006.jpeg 768w, https:\/\/www.baztan.eus\/wp-content\/uploads\/2022\/09\/kartela-1172x1536.jpeg 1172w, https:\/\/www.baztan.eus\/wp-content\/uploads\/2022\/09\/kartela-300x393.jpeg 300w, https:\/\/www.baztan.eus\/wp-content\/uploads\/2022\/09\/kartela-88x115.jpeg 88w, https:\/\/www.baztan.eus\/wp-content\/uploads\/2022\/09\/kartela.jpeg 1221w\" sizes=\"auto, (max-width: 229px) 100vw, 229px\" \/><span style=\"color: #333333;\">\u201cSendabelarrek dakitena\u201d liburuaren aurkezpena Garbi\u00f1e Larrea Iturralde idazlearekin<\/span> \/\/ <strong>Presentaci\u00f3n del libro \u00ab<span style=\"color: #800080;\">Sendabelarrek dakitena<\/span>\u00bb con su autora <span style=\"color: #800080;\">Garbi\u00f1e Larrea Iturralde<\/span><\/strong><\/p>\n<div class=\"m8h3af8h l7ghb35v kjdc1dyq kmwttqpk gh25dzvf n3t5jt4f\">\n<div dir=\"auto\"><span style=\"color: #333333;\">Landa Eremuko Emakumeen Nazioarteko Egunaren bueltan honako liburu interesgarriaren aurkezpena izanen dugu!!<\/span> \/\/ <strong>\u00a1\u00a1Con motivo del <span style=\"color: #800080;\">D\u00eda Internacional de las Mujeres Rurales<\/span>, presentaremos este interesante libro!!<\/strong><\/div>\n<\/div>\n<div class=\"l7ghb35v kjdc1dyq kmwttqpk gh25dzvf jikcssrz n3t5jt4f\">\n<div dir=\"auto\"><\/div>\n<\/div>\n<div class=\"l7ghb35v kjdc1dyq kmwttqpk gh25dzvf jikcssrz n3t5jt4f\">\n<div dir=\"auto\"><span class=\"fxk3tzhb b2rh1bv3 gh55jysx m8h3af8h ewco64xe kjdc1dyq ms56khn7 bq6c9xl4 eohcrkr5 akh3l2rg\"><img loading=\"lazy\" decoding=\"async\" src=\"https:\/\/static.xx.fbcdn.net\/images\/emoji.php\/v9\/t7e\/1\/16\/1f4c5.png\" alt=\"\" width=\"16\" height=\"16\" \/><\/span> Urriak 7, ortziralea \/\/ <strong>7 de octubre, viernes<\/strong> <span class=\"fxk3tzhb b2rh1bv3 gh55jysx m8h3af8h ewco64xe kjdc1dyq ms56khn7 bq6c9xl4 eohcrkr5 akh3l2rg\"><img loading=\"lazy\" decoding=\"async\" src=\"https:\/\/static.xx.fbcdn.net\/images\/emoji.php\/v9\/t2d\/1\/16\/1f555.png\" alt=\"\" width=\"16\" height=\"16\" \/><\/span> 18:00etan \/\/ <strong>a las 18:00<\/strong><\/div>\n<div dir=\"auto\"><span class=\"fxk3tzhb b2rh1bv3 gh55jysx m8h3af8h ewco64xe kjdc1dyq ms56khn7 bq6c9xl4 eohcrkr5 akh3l2rg\"><img loading=\"lazy\" decoding=\"async\" src=\"https:\/\/static.xx.fbcdn.net\/images\/emoji.php\/v9\/t2d\/1\/16\/1f4cd.png\" alt=\"\" width=\"16\" height=\"16\" \/><\/span> Arizkuneneako hitzaldi aretoan (3. solairuan) \/\/ <strong>Sala de conferencias de Arizkunenea (3\u00aa planta)<\/strong><\/div>\n<\/div>\n<div dir=\"auto\"><\/div>\n<div dir=\"auto\">&#8212;&#8212;&#8212;<\/div>\n<p><span style=\"color: #333333;\"><img loading=\"lazy\" decoding=\"async\" class=\"size-medium wp-image-19085 alignleft\" src=\"http:\/\/www.baztan.eus\/wp-content\/uploads\/2022\/10\/erroa-eta-geroa-azala-212x300.jpg\" alt=\"\" width=\"212\" height=\"300\" srcset=\"https:\/\/www.baztan.eus\/wp-content\/uploads\/2022\/10\/erroa-eta-geroa-azala-212x300.jpg 212w, https:\/\/www.baztan.eus\/wp-content\/uploads\/2022\/10\/erroa-eta-geroa-azala-81x115.jpg 81w, https:\/\/www.baztan.eus\/wp-content\/uploads\/2022\/10\/erroa-eta-geroa-azala.jpg 257w\" sizes=\"auto, (max-width: 212px) 100vw, 212px\" \/>Landa Eremuko Emakumeen Nazioarteko Egunaren bueltan <\/span>\u201cErroa eta geroa\u201d dokumentalaren proiekzioa &#8211; BERDINZINEMA \/\/ Con motivo del <span style=\"color: #800080;\">D\u00eda Internacional de las Mujeres Rurales<\/span>, <strong>Proyecci\u00f3n del documental \u00ab<a href=\"https:\/\/www.argia.eus\/multimedia\/dokumentalak\/erroa-eta-geroa\"><span style=\"color: #800080;\">Erroa eta geroa<\/span><\/a>\u00bb &#8211; BERDINZINEMA<\/strong><\/p>\n<div dir=\"auto\">\n<div dir=\"auto\"><span class=\"fxk3tzhb b2rh1bv3 gh55jysx m8h3af8h ewco64xe kjdc1dyq ms56khn7 bq6c9xl4 eohcrkr5 akh3l2rg\"><img loading=\"lazy\" decoding=\"async\" src=\"https:\/\/static.xx.fbcdn.net\/images\/emoji.php\/v9\/t7e\/1\/16\/1f4c5.png\" alt=\"\" width=\"16\" height=\"16\" \/><\/span> Urriak 19, asteazkena\/\/ <strong>19 de octubre, mi\u00e9rcoles <\/strong><span class=\"fxk3tzhb b2rh1bv3 gh55jysx m8h3af8h ewco64xe kjdc1dyq ms56khn7 bq6c9xl4 eohcrkr5 akh3l2rg\"><img loading=\"lazy\" decoding=\"async\" src=\"https:\/\/static.xx.fbcdn.net\/images\/emoji.php\/v9\/t2d\/1\/16\/1f555.png\" alt=\"\" width=\"16\" height=\"16\" \/><\/span> 18:00etan \/\/ <strong>a las 18:00<\/strong><\/div>\n<div dir=\"auto\"><span class=\"fxk3tzhb b2rh1bv3 gh55jysx m8h3af8h ewco64xe kjdc1dyq ms56khn7 bq6c9xl4 eohcrkr5 akh3l2rg\"><img loading=\"lazy\" decoding=\"async\" src=\"https:\/\/static.xx.fbcdn.net\/images\/emoji.php\/v9\/t2d\/1\/16\/1f4cd.png\" alt=\"\" width=\"16\" height=\"16\" \/><\/span> Arizkuneneako hitzaldi aretoan (3. solairuan) \/\/ <strong>Sala de conferencias de Arizkunenea (3\u00aa planta)<\/strong><\/div>\n<\/div>\n<div class=\"l7ghb35v kjdc1dyq kmwttqpk gh25dzvf jikcssrz n3t5jt4f\">\n<div dir=\"auto\">\n<div dir=\"auto\"><\/div>\n<div dir=\"auto\"><\/div>\n<div dir=\"auto\"><\/div>\n<div dir=\"auto\"><\/div>\n<div dir=\"auto\"><\/div>\n<div dir=\"auto\"><\/div>\n<\/div>\n<\/div>\n<p>&nbsp;<\/p>\n<p>&nbsp;<\/p>\n<h2><span style=\"color: #800080;\"><a href=\"http:\/\/www.baztan.eus\/wp-content\/uploads\/2022\/10\/EUS-CAS_Adierazpena-2022_-DECLARACION-2022.pdf\" class=\"mtli_attachment mtli_pdf\">DECLARACI\u00d3N INSTITUCIONAL<\/a> aprobada por unanimidad en el pleno municipal de septiembre<\/span><\/h2>\n<p><img loading=\"lazy\" decoding=\"async\" class=\"size-medium wp-image-19096 aligncenter\" src=\"http:\/\/www.baztan.eus\/wp-content\/uploads\/2022\/10\/MUJER-RURAL-2022-Eusk-Cast-212x300.jpg\" alt=\"\" width=\"212\" height=\"300\" srcset=\"https:\/\/www.baztan.eus\/wp-content\/uploads\/2022\/10\/MUJER-RURAL-2022-Eusk-Cast-212x300.jpg 212w, https:\/\/www.baztan.eus\/wp-content\/uploads\/2022\/10\/MUJER-RURAL-2022-Eusk-Cast-723x1024.jpg 723w, https:\/\/www.baztan.eus\/wp-content\/uploads\/2022\/10\/MUJER-RURAL-2022-Eusk-Cast-768x1088.jpg 768w, https:\/\/www.baztan.eus\/wp-content\/uploads\/2022\/10\/MUJER-RURAL-2022-Eusk-Cast-1084x1536.jpg 1084w, https:\/\/www.baztan.eus\/wp-content\/uploads\/2022\/10\/MUJER-RURAL-2022-Eusk-Cast-1445x2048.jpg 1445w, https:\/\/www.baztan.eus\/wp-content\/uploads\/2022\/10\/MUJER-RURAL-2022-Eusk-Cast-300x425.jpg 300w, https:\/\/www.baztan.eus\/wp-content\/uploads\/2022\/10\/MUJER-RURAL-2022-Eusk-Cast-81x115.jpg 81w, https:\/\/www.baztan.eus\/wp-content\/uploads\/2022\/10\/MUJER-RURAL-2022-Eusk-Cast-scaled.jpg 1807w\" sizes=\"auto, (max-width: 212px) 100vw, 212px\" \/><\/p>\n<p>En esta fecha del 15 octubre, en el que conmemoramos el D\u00eda Internacional de las Mujeres Rurales, bajo el lema de \u201cEl desaf\u00edo rural de Navarra ser\u00e1 feminista o no ser\u00e1\u201d, de forma conjunta las Entidades Locales y Territoriales que cuentan con T\u00e9cnica de Igualdad queremos reconocer el papel y la aportaci\u00f3n de las mujeres, en toda su diversidad, a la sostenibilidad de los territorios de la Navarra rural, contribuyendo muy activamente a que este entorno siga siendo un ejemplo de evoluci\u00f3n, desarrollo y progreso, tanto en el \u00e1mbito econ\u00f3mico, como en el social y cultural de nuestros pueblos y zonas rurales.<\/p>\n<p>En este amplio contexto, todas las mujeres han tenido y tienen un papel fundamental, por lo que las Entidades Locales debemos trabajar para mejorar su calidad de vida mediante el acceso a los diferentes servicios p\u00fablicos y la atenci\u00f3n de sus reivindicaciones y necesidades.<\/p>\n<p>Por ello, queremos hacer una apuesta firme que conlleva retos importantes, entendidos como estrategias clave para trabajar en el medio rural, por ser esenciales para construir un futuro pr\u00f3spero, equitativo y pac\u00edfico en nuestros territorios:\u00a0 la incorporaci\u00f3n transversal de la Igualdad de g\u00e9nero en los territorios rurales, el empoderamiento de las mujeres y las ni\u00f1as de este entorno, la participaci\u00f3n socio pol\u00edtica de las mujeres para el ejercicio de una ciudadan\u00eda activa y con poder, la conciliaci\u00f3n de la vida laboral y personal, el apoyo al asociacionismo de\u00a0 las mujeres y al tejido asociativo que trabaje por la igualdad y la optimizaci\u00f3n m\u00e1xima de los recursos.<\/p>\n<p>De forma m\u00e1s espec\u00edfica, creemos que es prioritario prestar especial atenci\u00f3n a las siguientes cuestiones:<\/p>\n<ul>\n<li>Tener en cuenta a las mujeres j\u00f3venes para evitar que tengan que marcharse a las ciudades en busca de oportunidades de desarrollo\u00a0 personal y laboral.<\/li>\n<li>Promover la incorporaci\u00f3n de las mujeres al mercado laboral por cuenta propia y ajena, m\u00e1s dif\u00edcil en el \u00e1mbito rural que en el urbano.<\/li>\n<li>Conseguir un cambio de mentalidad enmarcada en la divisi\u00f3n de roles entre mujeres y hombres de forma que no se favorezcan situaciones de discriminaci\u00f3n y que mejore la situaci\u00f3n personal y laboral de las mujeres rurales, las cuales han sido invisibilizadas y cuyos trabajos se han considerado siempre como una \u201cextensi\u00f3n de las tareas del hogar y de la familia\u201d.<\/li>\n<\/ul>\n<p>En definitiva, las Entidades Locales aunamos nuestros esfuerzos para garantizar la igualdad real y efectiva entre mujeres y hombres en el entorno rural, un objetivo que pasa por avanzar en el empoderamiento de las mujeres y por incrementar su presencia y participaci\u00f3n activa en todos los \u00e1mbitos de la vida. Hacer visibles y reconocidas a las mujeres del medio rural es nuestro compromiso y por eso nos sumamos al trabajo que las organizaciones de mujeres vienen llevando a cabo y apoyamos sus reivindicaciones.<\/p>\n<p>Seguiremos contribuyendo de una forma positiva para avanzar en la igualdad entre mujeres y hombres en todos los \u00e1mbitos de la vida en las distintas localidades que componen el amplio y diverso territorio navarro, conscientes del inmenso beneficio que ello proporciona.<\/p>\n","protected":false},"author":3,"featured_media":19099,"template":"","format":"standard","meta":{"_wpml_word_count":["{\"total\":454,\"to_translate\":{\"es\":454}}"],"_wpml_media_featured":["1"],"_wpml_media_duplicate":["1"],"imagenslia":[""],"subti":["Declaraci\u00f3n institucional y agenda de actividades"],"_edit_lock":["1665736351:3"],"_edit_last":["3"],"_last_translation_edit_mode":["native-editor"],"_thumbnail_id":["19099"],"_wp_old_date":["2022-10-03"]},"class_list":["post-19088","noticias","type-noticias","status-publish","format-standard","has-post-thumbnail","hentry","categorianoticias-actualidad"],"_links":{"self":[{"href":"https:\/\/www.baztan.eus\/es\/wp-json\/wp\/v2\/noticias\/19088","targetHints":{"allow":["GET"]}}],"collection":[{"href":"https:\/\/www.baztan.eus\/es\/wp-json\/wp\/v2\/noticias"}],"about":[{"href":"https:\/\/www.baztan.eus\/es\/wp-json\/wp\/v2\/types\/noticias"}],"author":[{"embeddable":true,"href":"https:\/\/www.baztan.eus\/es\/wp-json\/wp\/v2\/users\/3"}],"wp:featuredmedia":[{"embeddable":true,"href":"https:\/\/www.baztan.eus\/es\/wp-json\/wp\/v2\/media\/19099"}],"wp:attachment":[{"href":"https:\/\/www.baztan.eus\/es\/wp-json\/wp\/v2\/media?parent=19088"}],"curies":[{"name":"wp","href":"https:\/\/api.w.org\/{rel}","templated":true}]}}