{"id":19173,"date":"2022-10-21T11:58:21","date_gmt":"2022-10-21T11:58:21","guid":{"rendered":"http:\/\/www.baztan.eus\/?post_type=noticias&#038;p=19173"},"modified":"2022-10-27T09:10:45","modified_gmt":"2022-10-27T09:10:45","slug":"construccion-masculina-taller-para-promover-la-igualdad-tambien-con-los-hombres","status":"publish","type":"noticias","link":"https:\/\/www.baztan.eus\/es\/noticias\/construccion-masculina-taller-para-promover-la-igualdad-tambien-con-los-hombres\/","title":{"rendered":"\u00bfCONSTRUCCI\u00d3N MASCULINA? Taller para promover la igualdad con los hombres"},"content":{"rendered":"<p>Nuestra masculinidad, \u00bfes construida o natural? \u00bfQu\u00e9 consecuencias tiene en nosotros? \u00bfY en las personas que nos rodean? \u00bfInfluye tambi\u00e9n en la manera de ser padre?<\/p>\n<p><img loading=\"lazy\" decoding=\"async\" class=\" wp-image-19182 alignleft\" src=\"http:\/\/www.baztan.eus\/wp-content\/uploads\/2022\/10\/kartela-2-1-300x300.jpg\" alt=\"\" width=\"220\" height=\"220\" srcset=\"https:\/\/www.baztan.eus\/wp-content\/uploads\/2022\/10\/kartela-2-1-300x300.jpg 300w, https:\/\/www.baztan.eus\/wp-content\/uploads\/2022\/10\/kartela-2-1-1024x1024.jpg 1024w, https:\/\/www.baztan.eus\/wp-content\/uploads\/2022\/10\/kartela-2-1-150x150.jpg 150w, https:\/\/www.baztan.eus\/wp-content\/uploads\/2022\/10\/kartela-2-1-768x768.jpg 768w, https:\/\/www.baztan.eus\/wp-content\/uploads\/2022\/10\/kartela-2-1-200x200.jpg 200w, https:\/\/www.baztan.eus\/wp-content\/uploads\/2022\/10\/kartela-2-1-115x115.jpg 115w, https:\/\/www.baztan.eus\/wp-content\/uploads\/2022\/10\/kartela-2-1.jpg 1080w\" sizes=\"auto, (max-width: 220px) 100vw, 220px\" \/>Se analizar\u00e1 c\u00f3mo ha sido nuestra socializaci\u00f3n y la educaci\u00f3n recibida, su influencia en la gesti\u00f3n del liderazgo y la autoridad, en el registro emocional, en nuestras relaciones, en las pr\u00e1cticas para construir la igualdad\u2026<\/p>\n<p>&#x1f4c5; 2, 9 y 16 de noviembre &#x1f555; 17:30-20:30<\/p>\n<p>&#x1f4cd; Sala de reuniones de Arizkunenea<\/p>\n<p>FORMADORES: Colectivo Eraikiz<\/p>\n<p>Las mujeres* hace tiempo que han dado un paso adelante, analizando su machismo interno e iniciando una transformaci\u00f3n personal, colectiva y social. Y t\u00fa, \u00bfno tienes nada que revisar?<\/p>\n<p>M\u00e1s informaci\u00f3n en <a href=\"mailto:berdintasuna@baztan.eus\">berdintasuna@baztan.eus<\/a> o en el tel\u00e9fono 613 003634.<\/p>\n","protected":false},"author":3,"featured_media":19182,"template":"","format":"standard","meta":{"subti":["Las mujeres* hace tiempo que han dado un paso adelante, analizando su machismo interno e iniciando una transformaci\u00f3n personal, colectiva y social. Y t\u00fa, \u00bfno tienes nada que revisar?"],"imagenslia":[""],"_wpml_media_duplicate":["1"],"_wpml_media_featured":["1"],"_wpml_word_count":["{\"total\":100,\"to_translate\":{\"es\":100}}"],"_edit_lock":["1666861832:3"],"_edit_last":["3"],"_last_translation_edit_mode":["native-editor"],"_thumbnail_id":["19182"]},"class_list":["post-19173","noticias","type-noticias","status-publish","format-standard","has-post-thumbnail","hentry","categorianoticias-actualidad","categorianoticias-zerbitzuak-es"],"_links":{"self":[{"href":"https:\/\/www.baztan.eus\/es\/wp-json\/wp\/v2\/noticias\/19173","targetHints":{"allow":["GET"]}}],"collection":[{"href":"https:\/\/www.baztan.eus\/es\/wp-json\/wp\/v2\/noticias"}],"about":[{"href":"https:\/\/www.baztan.eus\/es\/wp-json\/wp\/v2\/types\/noticias"}],"author":[{"embeddable":true,"href":"https:\/\/www.baztan.eus\/es\/wp-json\/wp\/v2\/users\/3"}],"wp:featuredmedia":[{"embeddable":true,"href":"https:\/\/www.baztan.eus\/es\/wp-json\/wp\/v2\/media\/19182"}],"wp:attachment":[{"href":"https:\/\/www.baztan.eus\/es\/wp-json\/wp\/v2\/media?parent=19173"}],"curies":[{"name":"wp","href":"https:\/\/api.w.org\/{rel}","templated":true}]}}