{"id":19270,"date":"2022-11-02T11:50:56","date_gmt":"2022-11-02T11:50:56","guid":{"rendered":"http:\/\/www.baztan.eus\/noticias\/sare-sozialetan-emakumeon-kontra-ematen-diren-erasoen-harira-irakurketa\/"},"modified":"2022-11-02T12:02:12","modified_gmt":"2022-11-02T12:02:12","slug":"sare-sozialetan-emakumeon-kontra-ematen-diren-erasoen-harira-irakurketa","status":"publish","type":"noticias","link":"https:\/\/www.baztan.eus\/es\/noticias\/sare-sozialetan-emakumeon-kontra-ematen-diren-erasoen-harira-irakurketa\/","title":{"rendered":"En relaci\u00f3n a las agresiones machistas a mujeres en las redes sociales &#8211; lectura"},"content":{"rendered":"<p><a href=\"http:\/\/www.baztan.eus\/wp-content\/uploads\/2022\/11\/testu-osoa.pdf\" class=\"mtli_attachment mtli_pdf\" target=\"_blank\" rel=\"noopener\"><img loading=\"lazy\" decoding=\"async\" class=\"alignnone size-full wp-image-19268\" src=\"http:\/\/www.baztan.eus\/wp-content\/uploads\/2022\/11\/testu-osoa.jpeg\" alt=\"\" width=\"1131\" height=\"1599\" \/><\/a><\/p>\n","protected":false},"author":3,"featured_media":19269,"template":"","format":"standard","meta":{"_wpml_word_count":["{\"total\":18,\"to_translate\":{\"es\":18}}"],"_wpml_media_featured":["1"],"_wpml_media_duplicate":["1"],"imagenslia":[""],"subti":["Hace unas semanas supimos que una mujer de Baztan hab\u00eda sufrido una agresi\u00f3n sexista a trav\u00e9s de una red social y con ese punto de partida, en la mesa de respuesta social a la violencia machista que forman I\u00f1arrosi, Baztango Talde Feminista y el Servicio de Igualdad del Ayuntamiento hemos hecho una reflexi\u00f3n sobre el tema y hemos decidido publicar este texto. Hemos visto necesario hacer una lectura sobre la ciberviolencia, ya que es una manifestaci\u00f3n m\u00e1s de la violencia machista contra las mujeres."],"_edit_lock":["1667390522:3"],"_edit_last":["3"],"_thumbnail_id":["19269"],"_last_translation_edit_mode":["native-editor"]},"class_list":["post-19270","noticias","type-noticias","status-publish","format-standard","has-post-thumbnail","hentry","categorianoticias-actualidad"],"_links":{"self":[{"href":"https:\/\/www.baztan.eus\/es\/wp-json\/wp\/v2\/noticias\/19270","targetHints":{"allow":["GET"]}}],"collection":[{"href":"https:\/\/www.baztan.eus\/es\/wp-json\/wp\/v2\/noticias"}],"about":[{"href":"https:\/\/www.baztan.eus\/es\/wp-json\/wp\/v2\/types\/noticias"}],"author":[{"embeddable":true,"href":"https:\/\/www.baztan.eus\/es\/wp-json\/wp\/v2\/users\/3"}],"wp:featuredmedia":[{"embeddable":true,"href":"https:\/\/www.baztan.eus\/es\/wp-json\/wp\/v2\/media\/19269"}],"wp:attachment":[{"href":"https:\/\/www.baztan.eus\/es\/wp-json\/wp\/v2\/media?parent=19270"}],"curies":[{"name":"wp","href":"https:\/\/api.w.org\/{rel}","templated":true}]}}