{"id":19306,"date":"2022-11-07T14:04:01","date_gmt":"2022-11-07T14:04:01","guid":{"rendered":"http:\/\/www.baztan.eus\/?post_type=noticias&#038;p=19306"},"modified":"2024-07-02T12:22:28","modified_gmt":"2024-07-02T12:22:28","slug":"convocatoria-para-la-provision-mediante-concurso-oposicion-de-las-vacantes-de-los-puestos-correspondientes-al-proceso-extraordinario-de-estabilizacion-y-consolidacion-de-empleo-temporal-segun-lo-di","status":"publish","type":"noticias","link":"https:\/\/www.baztan.eus\/es\/noticias\/convocatoria-para-la-provision-mediante-concurso-oposicion-de-las-vacantes-de-los-puestos-correspondientes-al-proceso-extraordinario-de-estabilizacion-y-consolidacion-de-empleo-temporal-segun-lo-di\/","title":{"rendered":"Convocatoria para la provisi\u00f3n, mediante concurso-oposici\u00f3n, de las vacantes de los puestos correspondientes al proceso extraordinario de estabilizaci\u00f3n y consolidaci\u00f3n de empleo temporal, seg\u00fan lo dispuesto en la Ley 20\/2021, de 28 de diciembre, de medidas urgentes para la reducci\u00f3n de la temporalidad en el empleo p\u00fablico"},"content":{"rendered":"<p><a href=\"https:\/\/bon.navarra.es\/es\/anuncio\/-\/texto\/2022\/219\/28\">Bases convocatoria<\/a><\/p>\n<p><a href=\"https:\/\/www.baztan.eus\/wp-content\/uploads\/2022\/10\/II-Eranskina.-Eskabidea-.-OPOSIZIO-LEHIAKETA-1.doc\" class=\"mtli_attachment mtli_doc\">II-Eranskina\/ Anexo II- OPOSIZIO-LEHIAKETA-1.doc<\/a><\/p>\n<p><a href=\"https:\/\/www.baztan.eus\/wp-content\/uploads\/2022\/10\/III-Eranskina.-Autobalorazioa.-OPOSIZIO-LEHIAKETA.doc\" class=\"mtli_attachment mtli_doc\">III-Eranskina \/ Anexo III Autobalorazioa.-OPOSIZIO-LEHIAKETA.doc<\/a><\/p>\n<p>NOTA IMPORTANTE:\u00a0 la documentaci\u00f3n sobre el expediente se publicar\u00e1 en el tabl\u00f3n de la sede electr\u00f3nica del Ayuntamiento de Baztan. Puede acceder al tabl\u00f3n desde el siguiente enlace:\u00a0<a href=\"https:\/\/sedeelectronica.baztan.eus\/tablondeanuncios\/default.aspx\">https:\/\/sedeelectronica.baztan.eus\/tablondeanuncios\/default.aspx<\/a><\/p>\n<p>&nbsp;<\/p>\n<p>&nbsp;<\/p>\n<p>&nbsp;<\/p>\n<p>&nbsp;<\/p>\n<p>&nbsp;<\/p>\n<p>&nbsp;<\/p>\n<p>&nbsp;<\/p>\n","protected":false},"author":14,"featured_media":0,"template":"","format":"standard","meta":{"_wpml_word_count":["{\"total\":131,\"to_translate\":{\"eu\":131}}"],"_edit_lock":["1719922830:14"],"_edit_last":["14"],"_wpml_media_featured":["1"],"_wpml_media_duplicate":["1"],"imagenslia":[""],"subti":[""],"barra":["general"],"mostrar_barra":["1"],"_oembed_a5bef5136bc2a6ffade85aca88d01b8c":["{{unknown}}"],"_exactmetrics_sitenote_active":["0"]},"class_list":["post-19306","noticias","type-noticias","status-publish","format-standard","hentry","categorianoticias-actualidad","categorianoticias-ofertas-de-empleo"],"_links":{"self":[{"href":"https:\/\/www.baztan.eus\/es\/wp-json\/wp\/v2\/noticias\/19306","targetHints":{"allow":["GET"]}}],"collection":[{"href":"https:\/\/www.baztan.eus\/es\/wp-json\/wp\/v2\/noticias"}],"about":[{"href":"https:\/\/www.baztan.eus\/es\/wp-json\/wp\/v2\/types\/noticias"}],"author":[{"embeddable":true,"href":"https:\/\/www.baztan.eus\/es\/wp-json\/wp\/v2\/users\/14"}],"wp:attachment":[{"href":"https:\/\/www.baztan.eus\/es\/wp-json\/wp\/v2\/media?parent=19306"}],"curies":[{"name":"wp","href":"https:\/\/api.w.org\/{rel}","templated":true}]}}