{"id":19339,"date":"2022-11-08T14:19:29","date_gmt":"2022-11-08T14:19:29","guid":{"rendered":"http:\/\/www.baztan.eus\/?post_type=noticias&#038;p=19339"},"modified":"2022-11-09T12:16:28","modified_gmt":"2022-11-09T12:16:28","slug":"adierazpen-instituzionala-azaroak-25-emakumeen-kontrako-indarkeriaren-aurkako-nazioarteko-eguna","status":"publish","type":"noticias","link":"https:\/\/www.baztan.eus\/es\/noticias\/adierazpen-instituzionala-azaroak-25-emakumeen-kontrako-indarkeriaren-aurkako-nazioarteko-eguna\/","title":{"rendered":"DECLARACI\u00d3N INSTITUCIONAL &#8211; 25 de noviembre &#8211; D\u00eda Internacional contra la Violencia hacia las Mujeres"},"content":{"rendered":"<h3>Toda la informaci\u00f3n sobre actividades, <a href=\"http:\/\/www.baztan.eus\/es\/azaroak-25-emakumeen-kontrako-indarkeriaren-aurkako-nazioarteko-eguna\/\" target=\"_blank\" rel=\"noopener\"><strong><em>aqu\u00ed<\/em><\/strong><\/a>.<\/h3>\n<p>En el pleno de octubre de 2022 el Ayuntamiento de Baztan ha aprobado por unanimidad esta declaraci\u00f3n institucional elaborada en la Red de T\u00e9cnicas de Igualdad de Navarra:<\/p>\n<blockquote>\n<p style=\"text-align: center;\"><strong>DECLARACI\u00d3N INSTITUCIONAL 25-N 2022<\/strong><\/p>\n<p style=\"text-align: center;\"><strong><em>Existe y hay responsables<\/em><\/strong><\/p>\n<p>Como cada 25 de noviembre, a trav\u00e9s de concentraciones, manifestaciones y declaraciones volvemos a recordar las causas y los mecanismos que perpet\u00faan la violencia contra las mujeres.<\/p>\n<p>Sin embargo, desde ciertos discursos se vuelve a poner en cuesti\u00f3n la existencia de esta violencia, aseverando que: \u201cla violencia no tiene g\u00e9nero\u201d. Ante esto, este 25 de noviembre queremos volver a subrayar que la violencia S\u00cd tiene g\u00e9nero y que, adem\u00e1s, se trata de una violencia estructural y arraigada en la sociedad. Ello explica por qu\u00e9 se da en todos los contextos culturales y en todos los niveles. Y es que solo entendiendo el origen podemos incidir en promover cambios estructurales profundos que ayuden a su eliminaci\u00f3n. Negar la ra\u00edz estructural y el car\u00e1cter cultural de esta violencia no permite avanzar y oculta la existencia de una organizaci\u00f3n social que desvaloriza lo femenino y sit\u00faa a las mujeres en una posici\u00f3n de subordinaci\u00f3n. Se trata de una violencia que ejercen los hombres y que sufren las mujeres. Por ello, este a\u00f1o instamos a los hombres a que reflexionen sobre el poder que ejercen y su participaci\u00f3n en este sistema violento, que atenta contra los derechos humanos de las mujeres.<\/p>\n<p>Durante estos a\u00f1os han sido muchos los hombres que se han ido incorporando a las reivindicaciones de igualdad y han revisado los mandatos de g\u00e9nero establecidos por la masculinidad hegem\u00f3nica tradicional, con el objetivo de contribuir a\u00a0 una sociedad m\u00e1s igualitaria. Sin embargo, es preciso avanzar m\u00e1s, y que m\u00e1s hombres se impliquen de forma activa, identificando y modificando aquellos comportamientos normalizados (propios y ajenos) y las creencias que perpet\u00faan la cultura machista, sin justificaciones y sin mirar para otro lado.<\/p>\n<p>La violencia contra las mujeres EXISTE y hay responsables que alimentan un engranaje que hace que se mantengan y se reproduzcan las desigualdades que sostienen la violencia.<\/p>\n<p>EXISTE y hay responsables porque vivimos en una sociedad androc\u00e9ntrica y patriarcal que desvaloriza a las mujeres, y se resiste al cambio.<\/p>\n<p>EXISTE y hay responsables, porque hay hombres que la ejercen, la toleran y la legitiman, mirando hacia otro lado y justificando actitudes violentas y machistas de sus iguales.<\/p>\n<p>EXISTE y hay responsables porque falta formaci\u00f3n que garantice la incorporaci\u00f3n de la perspectiva de g\u00e9nero que permita transformar la forma de ver el mundo, poni\u00e9ndonos las gafas moradas, en todos los \u00e1mbitos de la organizaci\u00f3n social: judicial, educativo, sanitario, econ\u00f3mico, entre otros.<\/p>\n<p>EXISTE y hay responsables porque desde los medios de comunicaci\u00f3n se lanzan mensajes que sit\u00faan la responsabilidad en las mujeres, como sucede con la difusi\u00f3n del discurso sobre el peligro sexual que las culpabiliza de las agresiones y las responsabiliza de su seguridad.<\/p>\n<p>Por todo ello, de manera colectiva, las Entidades Locales MANIFESTAMOS:<\/p>\n<p>NUESTRA REPULSA ante todo tipo de violencia machista producto de las m\u00faltiples discriminaciones que sufren las mujeres en cualquier \u00e1mbito y contexto.<\/p>\n<p>NUESTRO COMPROMISO como Administraciones P\u00fablicas a seguir trabajando activamente contra todas las desigualdades que generan violencias contra las mujeres y las ni\u00f1as, invitando con ello a la reflexi\u00f3n y asunci\u00f3n de compromisos tanto a los gobiernos e instituciones p\u00fablicas, como a los organismos internacionales y sociedad civil.<\/p>\n<p>NUESTRA SOLIDARIDAD con las mujeres y ni\u00f1as agredidas o asesinadas, con las mujeres y sus hijas e hijos que enfrentan la violencia machista.<\/p>\n<p>INSTAMOS a todos los hombres, de todas las edades, a asumir compromisos y posiciones<\/p>\n<p>activas frente a todo tipo de violencia hacia las mujeres.<\/p>\n<p>INVITAMOS A TODA LA CIUDADAN\u00cdA a seguir mostrando su rechazo y su compromiso con la erradicaci\u00f3n de la violencia contra las mujeres, la denuncia de todas las manifestaciones de control patriarcal y de limitaciones y condicionamientos del ejercicio de la libertad y la autonom\u00eda de las mujeres, y a participar en todas las actividades que se organicen en torno al 25 de Noviembre.<\/p><\/blockquote>\n<p style=\"text-align: center;\"><img loading=\"lazy\" decoding=\"async\" class=\"aligncenter wp-image-19340 size-full\" src=\"http:\/\/www.baztan.eus\/wp-content\/uploads\/2022\/11\/25N-Cartel_cas-eus.jpg\" alt=\"\" width=\"1754\" height=\"2481\" srcset=\"https:\/\/www.baztan.eus\/wp-content\/uploads\/2022\/11\/25N-Cartel_cas-eus.jpg 1754w, https:\/\/www.baztan.eus\/wp-content\/uploads\/2022\/11\/25N-Cartel_cas-eus-212x300.jpg 212w, https:\/\/www.baztan.eus\/wp-content\/uploads\/2022\/11\/25N-Cartel_cas-eus-724x1024.jpg 724w, https:\/\/www.baztan.eus\/wp-content\/uploads\/2022\/11\/25N-Cartel_cas-eus-768x1086.jpg 768w, https:\/\/www.baztan.eus\/wp-content\/uploads\/2022\/11\/25N-Cartel_cas-eus-1086x1536.jpg 1086w, https:\/\/www.baztan.eus\/wp-content\/uploads\/2022\/11\/25N-Cartel_cas-eus-1448x2048.jpg 1448w, https:\/\/www.baztan.eus\/wp-content\/uploads\/2022\/11\/25N-Cartel_cas-eus-300x424.jpg 300w, https:\/\/www.baztan.eus\/wp-content\/uploads\/2022\/11\/25N-Cartel_cas-eus-81x115.jpg 81w\" sizes=\"auto, (max-width: 1754px) 100vw, 1754px\" \/><\/p>\n","protected":false},"author":3,"featured_media":19340,"template":"","format":"standard","meta":{"_wpml_word_count":["{\"total\":519,\"to_translate\":{\"es\":519}}"],"_wpml_media_featured":["1"],"_wpml_media_duplicate":["1"],"imagenslia":[""],"subti":["En el pleno de octubre de 2022 el Ayuntamiento de Baztan ha aprobado por unanimidad esta declaraci\u00f3n institucional elaborada en la Red de T\u00e9cnicas de Igualdad de Navarra: "],"_edit_lock":["1667996054:3"],"_edit_last":["3"],"_last_translation_edit_mode":["native-editor"],"_thumbnail_id":["19340"]},"class_list":["post-19339","noticias","type-noticias","status-publish","format-standard","has-post-thumbnail","hentry","categorianoticias-actualidad"],"_links":{"self":[{"href":"https:\/\/www.baztan.eus\/es\/wp-json\/wp\/v2\/noticias\/19339","targetHints":{"allow":["GET"]}}],"collection":[{"href":"https:\/\/www.baztan.eus\/es\/wp-json\/wp\/v2\/noticias"}],"about":[{"href":"https:\/\/www.baztan.eus\/es\/wp-json\/wp\/v2\/types\/noticias"}],"author":[{"embeddable":true,"href":"https:\/\/www.baztan.eus\/es\/wp-json\/wp\/v2\/users\/3"}],"wp:featuredmedia":[{"embeddable":true,"href":"https:\/\/www.baztan.eus\/es\/wp-json\/wp\/v2\/media\/19340"}],"wp:attachment":[{"href":"https:\/\/www.baztan.eus\/es\/wp-json\/wp\/v2\/media?parent=19339"}],"curies":[{"name":"wp","href":"https:\/\/api.w.org\/{rel}","templated":true}]}}