{"id":20117,"date":"2023-02-24T09:14:31","date_gmt":"2023-02-24T09:14:31","guid":{"rendered":"http:\/\/www.baztan.eus\/?post_type=noticias&#038;p=20117"},"modified":"2023-03-01T09:08:18","modified_gmt":"2023-03-01T09:08:18","slug":"8-de-marzo-dia-internacional-de-las-mujeres-somos-diversas-ahora-libres","status":"publish","type":"noticias","link":"https:\/\/www.baztan.eus\/es\/noticias\/8-de-marzo-dia-internacional-de-las-mujeres-somos-diversas-ahora-libres\/","title":{"rendered":"8 de MARZO, D\u00cdA INTERNACIONAL DE LAS MUJERES. Somos diversas, ahora libres."},"content":{"rendered":"<blockquote>\n<h2 style=\"text-align: center;\">SOMOS DIVERSAS, AHORA LIBRES<\/h2>\n<\/blockquote>\n<ul>\n<li>Programaci\u00f3n:<\/li>\n<\/ul>\n<p><a href=\"http:\/\/www.baztan.eus\/wp-content\/uploads\/2023\/02\/Programaz_Baztan-M8_EUS-CAS-scaled.jpg\" target=\"_blank\" rel=\"noopener\"><img loading=\"lazy\" decoding=\"async\" class=\"aligncenter wp-image-20118 size-full\" src=\"http:\/\/www.baztan.eus\/wp-content\/uploads\/2023\/02\/Programaz_Baztan-M8_EUS-CAS-scaled-e1677229773939.jpg\" alt=\"\" width=\"2464\" height=\"1734\" srcset=\"https:\/\/www.baztan.eus\/wp-content\/uploads\/2023\/02\/Programaz_Baztan-M8_EUS-CAS-scaled-e1677229773939.jpg 2464w, https:\/\/www.baztan.eus\/wp-content\/uploads\/2023\/02\/Programaz_Baztan-M8_EUS-CAS-scaled-e1677229773939-300x211.jpg 300w, https:\/\/www.baztan.eus\/wp-content\/uploads\/2023\/02\/Programaz_Baztan-M8_EUS-CAS-scaled-e1677229773939-1024x721.jpg 1024w, https:\/\/www.baztan.eus\/wp-content\/uploads\/2023\/02\/Programaz_Baztan-M8_EUS-CAS-scaled-e1677229773939-768x540.jpg 768w, https:\/\/www.baztan.eus\/wp-content\/uploads\/2023\/02\/Programaz_Baztan-M8_EUS-CAS-scaled-e1677229773939-1536x1081.jpg 1536w, https:\/\/www.baztan.eus\/wp-content\/uploads\/2023\/02\/Programaz_Baztan-M8_EUS-CAS-scaled-e1677229773939-2048x1441.jpg 2048w, https:\/\/www.baztan.eus\/wp-content\/uploads\/2023\/02\/Programaz_Baztan-M8_EUS-CAS-scaled-e1677229773939-163x115.jpg 163w\" sizes=\"auto, (max-width: 2464px) 100vw, 2464px\" \/><\/a><\/p>\n<p><strong>CHARLA \u2013 Gordofobia y la esclavitud de la imagen, con Mijo Lizarzaburu<\/strong><\/p>\n<p><img loading=\"lazy\" decoding=\"async\" class=\" wp-image-19992 alignleft\" src=\"http:\/\/www.baztan.eus\/wp-content\/uploads\/2023\/02\/9.03_Mijo-Lizarburu-irudia-300x191.jpg\" alt=\"\" width=\"238\" height=\"152\" srcset=\"https:\/\/www.baztan.eus\/wp-content\/uploads\/2023\/02\/9.03_Mijo-Lizarburu-irudia-300x191.jpg 300w, https:\/\/www.baztan.eus\/wp-content\/uploads\/2023\/02\/9.03_Mijo-Lizarburu-irudia-1024x652.jpg 1024w, https:\/\/www.baztan.eus\/wp-content\/uploads\/2023\/02\/9.03_Mijo-Lizarburu-irudia-768x489.jpg 768w, https:\/\/www.baztan.eus\/wp-content\/uploads\/2023\/02\/9.03_Mijo-Lizarburu-irudia-1536x978.jpg 1536w, https:\/\/www.baztan.eus\/wp-content\/uploads\/2023\/02\/9.03_Mijo-Lizarburu-irudia-181x115.jpg 181w, https:\/\/www.baztan.eus\/wp-content\/uploads\/2023\/02\/9.03_Mijo-Lizarburu-irudia.jpg 1800w\" sizes=\"auto, (max-width: 238px) 100vw, 238px\" \/>En este sistema las mujeres nunca estamos del todo conformes con nuestro cuerpo, los estereotipos de g\u00e9nero relacionados con el cuerpo refuerzan la discriminaci\u00f3n y limitan la libertad de las mujeres. En las esferas feministas se habla cada vez m\u00e1s de la gordofobia; de la no depilaci\u00f3n, del valor y\/o la sexualidad de las personas con discapacidad y\/o de las mujeres mayores. Reivindicar pol\u00edticamente las m\u00faltiples pr\u00e1cticas corporales, de deseo y sexuales es absolutamente necesario, pero \u00bfhemos conseguido realmente poner en jaque los estrictos mandatos de la belleza? El reto puede ser olvidarnos de la operaci\u00f3n bikini y descolonizar cuerpos y deseos.<\/p>\n<p>&#x1f4c6; 9 de marzo, jueves &#x23f0; 18:30<br \/>\n&#x1f4cd; sala de conferencias de Arizkunenea (\u00faltima planta)<\/p>\n<p>M\u00e1s informaci\u00f3n en el correo electr\u00f3nico <a href=\"mailto:berdintasuna@baztan.eus\">berdintasuna@baztan.eus<\/a> o en el tel\u00e9fono 613 003634.<\/p>\n<p><strong>\u00a1\u00a1AN\u00cdMATE A PARTICIPAR!!<\/strong><\/p>\n<p><!--more--><\/p>\n<ul>\n<li><a href=\"http:\/\/www.baztan.eus\/wp-content\/uploads\/2023\/02\/Adierazpen-instituzionala-M8-Baztandartua.pdf\" class=\"mtli_attachment mtli_pdf\" target=\"_blank\" rel=\"noopener\">Declaraci\u00f3n institucional<\/a> aprobada por unanimidad en el Pleno Municipal el 23 de febrero de 2023.<\/li>\n<\/ul>\n<h2><strong>DECLARACI\u00d3N INSTITUCIONAL<\/strong><\/h2>\n<h2><em><strong>Somos diversas, ahora libres<\/strong><\/em><\/h2>\n<p>Este 8 de marzo, D\u00eda Internacional de las Mujeres, queremos reivindicar la diversidad y la visibilidad de todas las mujeres. La libertad de las mujeres est\u00e1 continuamente condicionada por unos estereotipos de g\u00e9nero basados en modelos femeninos de belleza, que marcan unas normas est\u00e9ticas que no se corresponden con la diversidad de los cuerpos y de las mujeres, y que en muchas ocasiones resultan irreales y ut\u00f3picos.<\/p>\n<p>La presi\u00f3n est\u00e9tica hacia las mujeres es ejemplo de la alianza entre el sistema patriarcal y el capitalismo. Por un lado, se insta a las mujeres a estar siempre pendientes de lograr un cuerpo ideal generando una insatisfacci\u00f3n permanente con una misma. Por otro lado, se promueve el consumo de millones de productos para conseguir estas metas, lo que genera un gran negocio en torno a los cuerpos de las mujeres.<\/p>\n<p>Estos modelos que definen un cuerpo femenino determinado basado en la delgadez, la perfecci\u00f3n y la eterna juventud invisibilizan\u00a0a aquellas mujeres que no cumplen este modelo hegem\u00f3nico de belleza: mujeres mayores, racializadas, gordas, demasiado flacas, con discapacidad, mujeres sin depilar, mujeres calvas\u2026<\/p>\n<p>Las redes sociales, la publicidad y la industria del entretenimiento lanzan constantemente mensajes en este sentido. S\u00f3lo se visibiliza a aquellas mujeres que cumplen con el modelo normativo de feminidad y junto a \u00e9ste se promocionan miles de productos de belleza para lograr ser como ellas.<\/p>\n<p>Los estereotipos de g\u00e9nero relacionados con el cuerpo refuerzan la discriminaci\u00f3n en diferentes \u00e1mbitos sociales e interfieren en las relaciones, llegando a afectar al autoconcepto, la salud y la autoestima, en definitiva, a las vidas de muchas mujeres y ni\u00f1as. Es una manera de someter a las mujeres a ideales del cuerpo inalcanzables, de manera que las vidas de las mujeres sean una constante lucha persiguiendo ese ideal, una constante lucha contra sus propios cuerpos, contra el paso del tiempo y, contra s\u00ed mismas. El \u00e9xito social, sexo-afectivo, laboral, etc., est\u00e1 estrechamente relacionado con cumplir los c\u00e1nones de belleza. Esta presi\u00f3n est\u00e9tica est\u00e1 adem\u00e1s vinculada a problemas de salud mental y f\u00edsica tan importantes como los trastornos de la conducta alimentaria, que afecta especialmente a las j\u00f3venes. Actitudes como la gordofobia tiene otras consecuencias sociales y de salud muy importantes para aquellas mujeres a las que se les etiqueta de poco saludables, sin atender a la diversidad de cuerpos.<\/p>\n<p>Por eso este 8 de marzo, queremos poner el foco en la violencia est\u00e9tica que se ejerce contra las mujeres y sus consecuencias. El modelo hegem\u00f3nico de belleza que se impone es inalcanzable, y desvaloriza a la mayor\u00eda de cuerpos y de mujeres. Queremos subrayar la importancia de transformar este modelo \u00fanico de belleza, para mostrar otros tipos de belleza, cuerpos diversos, diferentes realidades, diferentes mujeres. Porque la libertad de las mujeres est\u00e1 en sus derechos, no en su imagen.<\/p>\n<p>Es por ello que este 8 de marzo, las entidades locales, NOS COMPROMETEMOS A:<\/p>\n<ul>\n<li>Promover pol\u00edticas p\u00fablicas en el \u00e1mbito local que fomenten la salud f\u00edsica, emocional y relacional de las mujeres.<\/li>\n<li>Sensibilizar sobre los estereotipos de g\u00e9nero y generar reflexiones cr\u00edticas hacia el modelo hegem\u00f3nico de belleza.<\/li>\n<li>Visibilizar y dar valor a la diversidad de las mujeres.<\/li>\n<li>Reconocer las aportaciones y el trabajo del movimiento feminista en este \u00e1mbito.<\/li>\n<\/ul>\n","protected":false},"author":3,"featured_media":20121,"template":"","format":"standard","meta":{"_wpml_word_count":["{\"total\":138,\"to_translate\":{\"es\":138}}"],"_wpml_media_duplicate":["1"],"_wpml_media_featured":["1"],"imagenslia":[""],"subti":["Somos diversas, ahora libres. Programaci\u00f3n para el 8 de marzo y declaraci\u00f3n institucional aprobada por unanimidad. "],"_edit_lock":["1708690936:3"],"_edit_last":["3"],"_last_translation_edit_mode":["native-editor"],"_thumbnail_id":["20121"]},"class_list":["post-20117","noticias","type-noticias","status-publish","format-standard","has-post-thumbnail","hentry","categorianoticias-actualidad"],"_links":{"self":[{"href":"https:\/\/www.baztan.eus\/es\/wp-json\/wp\/v2\/noticias\/20117","targetHints":{"allow":["GET"]}}],"collection":[{"href":"https:\/\/www.baztan.eus\/es\/wp-json\/wp\/v2\/noticias"}],"about":[{"href":"https:\/\/www.baztan.eus\/es\/wp-json\/wp\/v2\/types\/noticias"}],"author":[{"embeddable":true,"href":"https:\/\/www.baztan.eus\/es\/wp-json\/wp\/v2\/users\/3"}],"wp:featuredmedia":[{"embeddable":true,"href":"https:\/\/www.baztan.eus\/es\/wp-json\/wp\/v2\/media\/20121"}],"wp:attachment":[{"href":"https:\/\/www.baztan.eus\/es\/wp-json\/wp\/v2\/media?parent=20117"}],"curies":[{"name":"wp","href":"https:\/\/api.w.org\/{rel}","templated":true}]}}