{"id":20225,"date":"2023-03-15T13:22:52","date_gmt":"2023-03-15T13:22:52","guid":{"rendered":"http:\/\/www.baztan.eus\/?post_type=noticias&#038;p=20225"},"modified":"2023-05-12T11:39:35","modified_gmt":"2023-05-12T11:39:35","slug":"desbrozatzeko-traktore-gidari-deialdia-convocatoria-para-conductor-a-tractor-desbrozador","status":"publish","type":"noticias","link":"https:\/\/www.baztan.eus\/es\/noticias\/desbrozatzeko-traktore-gidari-deialdia-convocatoria-para-conductor-a-tractor-desbrozador\/","title":{"rendered":"DESBROZATZEKO TRAKTORE GIDARI DEIALDIA \/\/ CONVOCATORIA PARA CONDUCTOR\/A TRACTOR DESBROZADOR"},"content":{"rendered":"<p><a href=\"http:\/\/www.baztan.eus\/wp-content\/uploads\/2023\/03\/1.Oinarriak-elebiz.pdf\" class=\"mtli_attachment mtli_pdf\" target=\"_blank\" rel=\"noopener\"><em>BASES DE LA CONVOCATORIA PARA LA CONTRATACI\u00d3N TEMPORAL DE PERSONAS DESEMPLEADAS INSCRITAS PARA EL DESEMPE\u00d1O DE UN PUESTO DE CONDUCCI\u00d3N DEL TRACTOR DESBROZADOR PARA EL AYUNTAMIENTO DE BAZTAN.<\/em><\/a><\/p>\n<p><a href=\"http:\/\/www.baztan.eus\/wp-content\/uploads\/2023\/03\/Behinbehineko-desbrozadora.pdf\" class=\"mtli_attachment mtli_pdf\" target=\"_blank\" rel=\"noopener\">LISTA PROVISIONAL DE PERSONAS ADMITIDAS Y EXCLUIDAS<\/a><\/p>\n<p><a href=\"http:\/\/www.baztan.eus\/wp-content\/uploads\/2023\/03\/Euskara-emaitzak.pdf\" class=\"mtli_attachment mtli_pdf\" target=\"_blank\" rel=\"noopener\">RESULTADO PRUEBA DE EUSKERA<\/a><\/p>\n<p><a href=\"http:\/\/www.baztan.eus\/wp-content\/uploads\/2023\/03\/trak-desb_bbet-zerrenda.pdf\" class=\"mtli_attachment mtli_pdf\" target=\"_blank\" rel=\"noopener\">LISTA DEFINITIVA DE PERSONAS ADMITIDAS Y EXCLUIDAS<\/a><\/p>\n<p><a href=\"http:\/\/www.baztan.eus\/wp-content\/uploads\/2023\/03\/Desbrozadora-lehiaketa.pdf\" class=\"mtli_attachment mtli_pdf\" target=\"_blank\" rel=\"noopener\">RESULTADOS CONCURSO<\/a><\/p>\n<p><a href=\"http:\/\/www.baztan.eus\/wp-content\/uploads\/2023\/03\/Desbrozadora-azken-akta.pdf\" class=\"mtli_attachment mtli_pdf\" target=\"_blank\" rel=\"noopener\">RESULTADO FINAL<\/a><\/p>\n","protected":false},"author":5,"featured_media":20229,"template":"","format":"standard","meta":{"_wpml_word_count":["{\"total\":0,\"to_translate\":{\"eu\":2,\"es\":2}}"],"_edit_lock":["1710768430:5"],"_edit_last":["5"],"imagenslia":[""],"_wpml_media_duplicate":["1"],"_wpml_media_featured":["1"],"subti":[""],"_last_translation_edit_mode":["native-editor"],"_thumbnail_id":["20229"]},"class_list":["post-20225","noticias","type-noticias","status-publish","format-standard","has-post-thumbnail","hentry","categorianoticias-deialdiak-es","categorianoticias-ofertas-de-empleo"],"_links":{"self":[{"href":"https:\/\/www.baztan.eus\/es\/wp-json\/wp\/v2\/noticias\/20225","targetHints":{"allow":["GET"]}}],"collection":[{"href":"https:\/\/www.baztan.eus\/es\/wp-json\/wp\/v2\/noticias"}],"about":[{"href":"https:\/\/www.baztan.eus\/es\/wp-json\/wp\/v2\/types\/noticias"}],"author":[{"embeddable":true,"href":"https:\/\/www.baztan.eus\/es\/wp-json\/wp\/v2\/users\/5"}],"wp:featuredmedia":[{"embeddable":true,"href":"https:\/\/www.baztan.eus\/es\/wp-json\/wp\/v2\/media\/20229"}],"wp:attachment":[{"href":"https:\/\/www.baztan.eus\/es\/wp-json\/wp\/v2\/media?parent=20225"}],"curies":[{"name":"wp","href":"https:\/\/api.w.org\/{rel}","templated":true}]}}