{"id":20507,"date":"2023-04-11T08:38:56","date_gmt":"2023-04-11T08:38:56","guid":{"rendered":"http:\/\/www.baztan.eus\/?post_type=noticias&#038;p=20507"},"modified":"2023-04-11T08:38:56","modified_gmt":"2023-04-11T08:38:56","slug":"2023-iniciativa-literatura-geraldiak","status":"publish","type":"noticias","link":"https:\/\/www.baztan.eus\/es\/noticias\/2023-iniciativa-literatura-geraldiak\/","title":{"rendered":"2023 \u2013 INICIATIVA \u201cLITERATURA GERALDIAK\u201c"},"content":{"rendered":"<p>Con la primavera de 2023, el Ayuntamiento de Baztan, la Mancomunidad de Euskera de Bortziriak, la Mancomunidad de Euskera del Norte de Navarra y la Mancomunidad de Sakana han puesto en marcha una nueva iniciativa denominada LITERATURA GERALDIAK.<\/p>\n<p>Su objetivo ser\u00e1 fomentar el h\u00e1bito y la afici\u00f3n a la lectura en euskera, potenciar el consumo cultural de la ciudadan\u00eda en euskera, potenciar la producci\u00f3n bibliogr\u00e1fica vasca, fomentar el uso de las bibliotecas p\u00fablicas y compartir experiencias literarias.<\/p>\n<p>De las sesiones organizadas, 2 tendr\u00e1n lugar en Baztan, en el marco de la celebraci\u00f3n del D\u00eda del Libro:<\/p>\n<ul>\n<li>El 19 de abril, en la Biblioteca P\u00fablica de Baztan, a las 18:00 horas: <strong>IRAKURBIDE FEMINISTAK EUSKAL LITERATURAN, charla con la escritora Iratxe Retolaza<\/strong>.<\/li>\n<\/ul>\n<p><img loading=\"lazy\" decoding=\"async\" class=\"size-medium wp-image-20505 alignleft\" src=\"http:\/\/www.baztan.eus\/wp-content\/uploads\/2023\/04\/Elizondo_Iratxe_2023_e-posta-1-300x165.png\" alt=\"\" width=\"300\" height=\"165\" srcset=\"https:\/\/www.baztan.eus\/wp-content\/uploads\/2023\/04\/Elizondo_Iratxe_2023_e-posta-1-300x165.png 300w, https:\/\/www.baztan.eus\/wp-content\/uploads\/2023\/04\/Elizondo_Iratxe_2023_e-posta-1-1024x563.png 1024w, https:\/\/www.baztan.eus\/wp-content\/uploads\/2023\/04\/Elizondo_Iratxe_2023_e-posta-1-768x422.png 768w, https:\/\/www.baztan.eus\/wp-content\/uploads\/2023\/04\/Elizondo_Iratxe_2023_e-posta-1-1536x845.png 1536w, https:\/\/www.baztan.eus\/wp-content\/uploads\/2023\/04\/Elizondo_Iratxe_2023_e-posta-1-2048x1126.png 2048w, https:\/\/www.baztan.eus\/wp-content\/uploads\/2023\/04\/Elizondo_Iratxe_2023_e-posta-1-209x115.png 209w\" sizes=\"auto, (max-width: 300px) 100vw, 300px\" \/>El prop\u00f3sito de esta charla es reflexionar sobre la utilidad de la literatura en la(s) lucha(s) feminista(s). Tambi\u00e9n la reflexi\u00f3n de que hemos recibido una educaci\u00f3n literaria en la que, inconscientemente, todas las personas hemos recibido unos valores. Queramos o no, hay modelos y c\u00e1nones implantados desde una perspectiva machista.<\/p>\n<p>&nbsp;<\/p>\n<ul>\n<li>El 26 de abril, en la Biblioteca P\u00fablica de Baztan, a las 18:00 horas: <strong>charla sobre el libro IDAZLEEN GORPUTZA de la mano de Eider Rodr\u00edguez.<\/strong><\/li>\n<\/ul>\n<p>La escritora, adem\u00e1s de reflexionar y hacer cr\u00edtica literaria, aporta en este libro datos sobre el lugar de las mujeres en la literatura y las voces de las escritoras.<img loading=\"lazy\" decoding=\"async\" class=\"size-medium wp-image-20432 alignright\" src=\"http:\/\/www.baztan.eus\/wp-content\/uploads\/2023\/03\/Baztan-Eider-Rodriguez-posta-elektronikoa-300x165.png\" alt=\"\" width=\"300\" height=\"165\" srcset=\"https:\/\/www.baztan.eus\/wp-content\/uploads\/2023\/03\/Baztan-Eider-Rodriguez-posta-elektronikoa-300x165.png 300w, https:\/\/www.baztan.eus\/wp-content\/uploads\/2023\/03\/Baztan-Eider-Rodriguez-posta-elektronikoa-1024x563.png 1024w, https:\/\/www.baztan.eus\/wp-content\/uploads\/2023\/03\/Baztan-Eider-Rodriguez-posta-elektronikoa-768x422.png 768w, https:\/\/www.baztan.eus\/wp-content\/uploads\/2023\/03\/Baztan-Eider-Rodriguez-posta-elektronikoa-1536x845.png 1536w, https:\/\/www.baztan.eus\/wp-content\/uploads\/2023\/03\/Baztan-Eider-Rodriguez-posta-elektronikoa-2048x1126.png 2048w, https:\/\/www.baztan.eus\/wp-content\/uploads\/2023\/03\/Baztan-Eider-Rodriguez-posta-elektronikoa-209x115.png 209w\" sizes=\"auto, (max-width: 300px) 100vw, 300px\" \/><\/p>\n<p>Organizan: La Asociaci\u00f3n Idazleekin Solasean y los Servicios de Euskera e Igualdad del Ayuntamiento de Baztan.<\/p>\n<p>&nbsp;<\/p>\n","protected":false},"author":3,"featured_media":20506,"template":"","format":"standard","meta":{"_wpml_media_duplicate":["1"],"_wpml_word_count":["{\"total\":167,\"to_translate\":{\"es\":167}}"],"_wpml_media_featured":["1"],"imagenslia":[""],"subti":["Con la primavera de 2023, el Ayuntamiento de Baztan, la Mancomunidad de Euskera de Bortziriak, la Mancomunidad de Euskera del Norte de Navarra y la Mancomunidad de Sakana han puesto en marcha una nueva iniciativa denominada LITERATURA GERALDIAK."],"_edit_lock":["1681202279:3"],"_edit_last":["3"],"_last_translation_edit_mode":["native-editor"],"_thumbnail_id":["20506"]},"class_list":["post-20507","noticias","type-noticias","status-publish","format-standard","has-post-thumbnail","hentry","categorianoticias-actualidad","categorianoticias-euskara-zerbitzua-es","categorianoticias-zerbitzuak-es"],"_links":{"self":[{"href":"https:\/\/www.baztan.eus\/es\/wp-json\/wp\/v2\/noticias\/20507","targetHints":{"allow":["GET"]}}],"collection":[{"href":"https:\/\/www.baztan.eus\/es\/wp-json\/wp\/v2\/noticias"}],"about":[{"href":"https:\/\/www.baztan.eus\/es\/wp-json\/wp\/v2\/types\/noticias"}],"author":[{"embeddable":true,"href":"https:\/\/www.baztan.eus\/es\/wp-json\/wp\/v2\/users\/3"}],"wp:featuredmedia":[{"embeddable":true,"href":"https:\/\/www.baztan.eus\/es\/wp-json\/wp\/v2\/media\/20506"}],"wp:attachment":[{"href":"https:\/\/www.baztan.eus\/es\/wp-json\/wp\/v2\/media?parent=20507"}],"curies":[{"name":"wp","href":"https:\/\/api.w.org\/{rel}","templated":true}]}}