{"id":21052,"date":"2023-06-27T12:20:19","date_gmt":"2023-06-27T12:20:19","guid":{"rendered":"https:\/\/www.baztan.eus\/?post_type=noticias&#038;p=21052"},"modified":"2023-06-27T12:59:15","modified_gmt":"2023-06-27T12:59:15","slug":"llenando-de-color-las-calles-poniendo-en-valor-la-diversidad","status":"publish","type":"noticias","link":"https:\/\/www.baztan.eus\/es\/noticias\/llenando-de-color-las-calles-poniendo-en-valor-la-diversidad\/","title":{"rendered":"Llenando de color las calles, poniendo en valor la diversidad"},"content":{"rendered":"<h2 style=\"text-align: center;\"><strong>Baztan en favor de la diversidad<\/strong><\/h2>\n<p><img loading=\"lazy\" decoding=\"async\" class=\" wp-image-21051 alignleft\" src=\"https:\/\/www.baztan.eus\/wp-content\/uploads\/2023\/06\/E28-banerra-ARGIA-300x89.jpg\" alt=\"\" width=\"374\" height=\"111\" \/>El 31 de marzo es el D\u00eda Internacional de la Visibilidad Trans, el 26 de abril es el D\u00eda Internacional de la Visibilidad L\u00e9sbica, el 17 de mayo es el D\u00eda Internacional contra la LGTBI+fobia y el 28 de junio es el D\u00eda Internacional del Orgullo o D\u00eda Internacional de la Liberaci\u00f3n Sexual. Y hay qu\u00e9 reivindicar, qu\u00e9 luchar y qu\u00e9 celebrar.<\/p>\n<p>En los \u00faltimos a\u00f1os los discursos de odio LGTBI+f\u00f3bicos se han naturalizado y han crecido peligrosamente, como lo han hecho las agresiones. Por eso, es muy importante reivindicar el respeto a todas las orientaciones sexuales y diferentes formas de expresar el g\u00e9nero junto con toda la ciudadan\u00eda, incluidos los ni\u00f1os, ni\u00f1as, ni\u00f1es y adolescentes. El reconocimiento de la diversidad de la sociedad baztanesa en muchos \u00e1mbitos supone continuar en la defensa de los derechos de las personas LGTBI+, anim\u00e1ndoles a trabajar contra las desigualdades basadas en la orientaci\u00f3n sexual, la expresi\u00f3n de g\u00e9nero y la identidad sexual o de g\u00e9nero. El Ayuntamiento de Baztan tambi\u00e9n tiene el compromiso de erradicar las expresiones de odio, represi\u00f3n o violencia hacia las personas LGTBI+ y hacia la diversidad de g\u00e9nero y afectivo-sexual.<img loading=\"lazy\" decoding=\"async\" class=\"size-medium wp-image-21044 alignright\" src=\"https:\/\/www.baztan.eus\/wp-content\/uploads\/2023\/06\/LGTBI-elementuak-margotzen-3-300x169.jpeg\" alt=\"\" width=\"300\" height=\"169\" srcset=\"https:\/\/www.baztan.eus\/wp-content\/uploads\/2023\/06\/LGTBI-elementuak-margotzen-3-300x169.jpeg 300w, https:\/\/www.baztan.eus\/wp-content\/uploads\/2023\/06\/LGTBI-elementuak-margotzen-3-1024x576.jpeg 1024w, https:\/\/www.baztan.eus\/wp-content\/uploads\/2023\/06\/LGTBI-elementuak-margotzen-3-768x432.jpeg 768w, https:\/\/www.baztan.eus\/wp-content\/uploads\/2023\/06\/LGTBI-elementuak-margotzen-3-1536x864.jpeg 1536w, https:\/\/www.baztan.eus\/wp-content\/uploads\/2023\/06\/LGTBI-elementuak-margotzen-3-204x115.jpeg 204w, https:\/\/www.baztan.eus\/wp-content\/uploads\/2023\/06\/LGTBI-elementuak-margotzen-3.jpeg 1600w\" sizes=\"auto, (max-width: 300px) 100vw, 300px\" \/><\/p>\n<p>Para ello se han llevado a cabo diversas actividades: proyecci\u00f3n de cortometrajes ZINEGOAK; conferencia de la asociaci\u00f3n de familias de ni\u00f1os, ni\u00f1as y adolescentes transexuales NAIZEN y sesi\u00f3n formativa dirigida al sistema educativo; y actividades para pintar diversos elementos de pueblos y escuelas junto con asociaciones de madres y padres y las escuelas. Este a\u00f1o han puesto en marcha esta invciativa en la Herri Eskola de Azpilkueta, en la Ikastola Baztan y en el Instituto Lekaroz. Con alegr\u00eda y entusiasmo han realizado esta iniciativa que ha servido para dar pasos adelante en la visibilizaci\u00f3n, respeto, igualdad y reivindicaci\u00f3n de derechos del colectivo LGTBI+. Se puede ver en las fotos que aparecen en esta nota de prensa.<img loading=\"lazy\" decoding=\"async\" class=\"size-medium wp-image-21047 alignleft\" src=\"https:\/\/www.baztan.eus\/wp-content\/uploads\/2023\/06\/LGTBI-elementuak-margotzen-7-225x300.jpeg\" alt=\"\" width=\"225\" height=\"300\" srcset=\"https:\/\/www.baztan.eus\/wp-content\/uploads\/2023\/06\/LGTBI-elementuak-margotzen-7-225x300.jpeg 225w, https:\/\/www.baztan.eus\/wp-content\/uploads\/2023\/06\/LGTBI-elementuak-margotzen-7-768x1024.jpeg 768w, https:\/\/www.baztan.eus\/wp-content\/uploads\/2023\/06\/LGTBI-elementuak-margotzen-7-1152x1536.jpeg 1152w, https:\/\/www.baztan.eus\/wp-content\/uploads\/2023\/06\/LGTBI-elementuak-margotzen-7-300x400.jpeg 300w, https:\/\/www.baztan.eus\/wp-content\/uploads\/2023\/06\/LGTBI-elementuak-margotzen-7-86x115.jpeg 86w, https:\/\/www.baztan.eus\/wp-content\/uploads\/2023\/06\/LGTBI-elementuak-margotzen-7.jpeg 1200w\" sizes=\"auto, (max-width: 225px) 100vw, 225px\" \/><\/p>\n<p>Lamentablemente, hemos aprendido que para conseguir el clima de respeto, apoyo y convivencia que queremos vivir en Baztan tendremos que seguir trabajando en el tema de la igualdad, ya que en el Instituto de Lekaroz se atac\u00f3 el elemento pintado con los colores de la bandera arco\u00edris, colores que representan simb\u00f3licamente al colectivo LGTBI+, lo que demuestra que todav\u00eda hay mucho que trabajar. Las puertas del campo de f\u00fatbol que se pintaron con los colores de la bandera del colectivo aparecieron pintadas de negro.<\/p>\n<p>Se puede pensar que se trata de un hecho aislado, pero supone una grave vulneraci\u00f3n de los derechos de las personas y un ataque simb\u00f3lico dirigido a todo el colectivo. Lanza un mensaje de odio de gran calado, dirigido a todo el colectivo y a toda la sociedad.<\/p>\n<p>Frente a ello, seguiremos trabajando junto a la ciudadan\u00eda y las asociaciones por la convivencia y el respeto a los derechos humanos de todas las personas, dejando claro que no daremos un paso atr\u00e1s. Que en Baztan no se tolera ning\u00fan tipo de agresi\u00f3n a personas ni a bienes, ya sea por motivo de raza, origen, religi\u00f3n, expresiones u orientaciones de g\u00e9nero, etc.<\/p>\n<p><strong><img loading=\"lazy\" decoding=\"async\" class=\"size-medium wp-image-21049 alignleft\" src=\"https:\/\/www.baztan.eus\/wp-content\/uploads\/2023\/06\/Harro-Baztan-deialdia-212x300.jpeg\" alt=\"\" width=\"212\" height=\"300\" srcset=\"https:\/\/www.baztan.eus\/wp-content\/uploads\/2023\/06\/Harro-Baztan-deialdia-212x300.jpeg 212w, https:\/\/www.baztan.eus\/wp-content\/uploads\/2023\/06\/Harro-Baztan-deialdia-725x1024.jpeg 725w, https:\/\/www.baztan.eus\/wp-content\/uploads\/2023\/06\/Harro-Baztan-deialdia-768x1084.jpeg 768w, https:\/\/www.baztan.eus\/wp-content\/uploads\/2023\/06\/Harro-Baztan-deialdia-300x424.jpeg 300w, https:\/\/www.baztan.eus\/wp-content\/uploads\/2023\/06\/Harro-Baztan-deialdia-81x115.jpeg 81w, https:\/\/www.baztan.eus\/wp-content\/uploads\/2023\/06\/Harro-Baztan-deialdia.jpeg 1080w\" sizes=\"auto, (max-width: 212px) 100vw, 212px\" \/><\/strong><\/p>\n<p>&nbsp;<\/p>\n<p>&nbsp;<\/p>\n<p><strong>En este sentido, Harro Baztan, el colectivo que lucha por el derecho y la liberaci\u00f3n de las personas del colectivo LGTBI+, ha convocado una concentraci\u00f3n en la plaza de Erratzu el 28 de junio a las 21:00 horas. Llamamos a toda la ciudadan\u00eda a participar en esta concentraci\u00f3n.<\/strong><\/p>\n<p>&nbsp;<\/p>\n<p>&nbsp;<\/p>\n<p>&nbsp;<\/p>\n<p>&nbsp;<\/p>\n<div data-carousel-extra='{\"blog_id\":1,\"permalink\":\"https:\\\/\\\/www.baztan.eus\\\/es\\\/noticias\\\/llenando-de-color-las-calles-poniendo-en-valor-la-diversidad\\\/\",\"likes_blog_id\":false}' id='gallery-1' class='gallery galleryid-21052 gallery-columns-3 gallery-size-thumbnail'><figure class='gallery-item'>\n\t\t\t<div class='gallery-icon portrait'>\n\t\t\t\t<a href='https:\/\/www.baztan.eus\/noticias\/karrikak-kolorez-betetzen-aniztasuna-balioan-paratzen\/lgtbi-elementuak-margotzen-2\/'><img loading=\"lazy\" decoding=\"async\" width=\"150\" height=\"150\" src=\"https:\/\/www.baztan.eus\/wp-content\/uploads\/2023\/06\/LGTBI-elementuak-margotzen-2-150x150.jpeg\" class=\"attachment-thumbnail size-thumbnail\" alt=\"\" aria-describedby=\"gallery-1-21054\" srcset=\"https:\/\/www.baztan.eus\/wp-content\/uploads\/2023\/06\/LGTBI-elementuak-margotzen-2-150x150.jpeg 150w, https:\/\/www.baztan.eus\/wp-content\/uploads\/2023\/06\/LGTBI-elementuak-margotzen-2-200x200.jpeg 200w, https:\/\/www.baztan.eus\/wp-content\/uploads\/2023\/06\/LGTBI-elementuak-margotzen-2-350x350.jpeg 350w, https:\/\/www.baztan.eus\/wp-content\/uploads\/2023\/06\/LGTBI-elementuak-margotzen-2-450x450.jpeg 450w\" sizes=\"auto, (max-width: 150px) 100vw, 150px\" data-attachment-id=\"21054\" data-orig-file=\"https:\/\/www.baztan.eus\/wp-content\/uploads\/2023\/06\/LGTBI-elementuak-margotzen-2.jpeg\" data-orig-size=\"1080,1350\" data-comments-opened=\"0\" data-image-meta=\"{&quot;aperture&quot;:&quot;0&quot;,&quot;credit&quot;:&quot;&quot;,&quot;camera&quot;:&quot;&quot;,&quot;caption&quot;:&quot;&quot;,&quot;created_timestamp&quot;:&quot;0&quot;,&quot;copyright&quot;:&quot;&quot;,&quot;focal_length&quot;:&quot;0&quot;,&quot;iso&quot;:&quot;0&quot;,&quot;shutter_speed&quot;:&quot;0&quot;,&quot;title&quot;:&quot;&quot;,&quot;orientation&quot;:&quot;0&quot;,&quot;keywords&quot;:&quot;Array&quot;}\" data-image-title=\"LGTBI+ elementuak margotzen (2)\" data-image-description=\"\" data-medium-file=\"https:\/\/www.baztan.eus\/wp-content\/uploads\/2023\/06\/LGTBI-elementuak-margotzen-2-240x300.jpeg\" data-large-file=\"https:\/\/www.baztan.eus\/wp-content\/uploads\/2023\/06\/LGTBI-elementuak-margotzen-2-819x1024.jpeg\" \/><\/a>\n\t\t\t<\/div>\n\t\t\t\t<figcaption class='wp-caption-text gallery-caption' id='gallery-1-21054'>\n\t\t\t\tBaztan Ikastola\n\t\t\t\t<\/figcaption><\/figure><figure class='gallery-item'>\n\t\t\t<div class='gallery-icon portrait'>\n\t\t\t\t<a href='https:\/\/www.baztan.eus\/noticias\/karrikak-kolorez-betetzen-aniztasuna-balioan-paratzen\/lgtbi-elementuak-margotzen-7\/'><img loading=\"lazy\" decoding=\"async\" width=\"150\" height=\"150\" src=\"https:\/\/www.baztan.eus\/wp-content\/uploads\/2023\/06\/LGTBI-elementuak-margotzen-7-150x150.jpeg\" class=\"attachment-thumbnail size-thumbnail\" alt=\"\" aria-describedby=\"gallery-1-21047\" srcset=\"https:\/\/www.baztan.eus\/wp-content\/uploads\/2023\/06\/LGTBI-elementuak-margotzen-7-150x150.jpeg 150w, https:\/\/www.baztan.eus\/wp-content\/uploads\/2023\/06\/LGTBI-elementuak-margotzen-7-200x200.jpeg 200w, https:\/\/www.baztan.eus\/wp-content\/uploads\/2023\/06\/LGTBI-elementuak-margotzen-7-350x350.jpeg 350w, https:\/\/www.baztan.eus\/wp-content\/uploads\/2023\/06\/LGTBI-elementuak-margotzen-7-450x450.jpeg 450w\" sizes=\"auto, (max-width: 150px) 100vw, 150px\" data-attachment-id=\"21047\" data-orig-file=\"https:\/\/www.baztan.eus\/wp-content\/uploads\/2023\/06\/LGTBI-elementuak-margotzen-7.jpeg\" data-orig-size=\"1200,1600\" data-comments-opened=\"0\" data-image-meta=\"{&quot;aperture&quot;:&quot;0&quot;,&quot;credit&quot;:&quot;&quot;,&quot;camera&quot;:&quot;&quot;,&quot;caption&quot;:&quot;&quot;,&quot;created_timestamp&quot;:&quot;0&quot;,&quot;copyright&quot;:&quot;&quot;,&quot;focal_length&quot;:&quot;0&quot;,&quot;iso&quot;:&quot;0&quot;,&quot;shutter_speed&quot;:&quot;0&quot;,&quot;title&quot;:&quot;&quot;,&quot;orientation&quot;:&quot;0&quot;,&quot;keywords&quot;:&quot;Array&quot;}\" data-image-title=\"LGTBI+ elementuak margotzen (7)\" data-image-description=\"\" data-medium-file=\"https:\/\/www.baztan.eus\/wp-content\/uploads\/2023\/06\/LGTBI-elementuak-margotzen-7-225x300.jpeg\" data-large-file=\"https:\/\/www.baztan.eus\/wp-content\/uploads\/2023\/06\/LGTBI-elementuak-margotzen-7-768x1024.jpeg\" \/><\/a>\n\t\t\t<\/div>\n\t\t\t\t<figcaption class='wp-caption-text gallery-caption' id='gallery-1-21047'>\n\t\t\t\tBaztan Ikastola\n\t\t\t\t<\/figcaption><\/figure><figure class='gallery-item'>\n\t\t\t<div class='gallery-icon portrait'>\n\t\t\t\t<a href='https:\/\/www.baztan.eus\/noticias\/karrikak-kolorez-betetzen-aniztasuna-balioan-paratzen\/lgtbi-elementuak-margotzen-6\/'><img loading=\"lazy\" decoding=\"async\" width=\"150\" height=\"150\" src=\"https:\/\/www.baztan.eus\/wp-content\/uploads\/2023\/06\/LGTBI-elementuak-margotzen-6-150x150.jpeg\" class=\"attachment-thumbnail size-thumbnail\" alt=\"\" aria-describedby=\"gallery-1-21046\" srcset=\"https:\/\/www.baztan.eus\/wp-content\/uploads\/2023\/06\/LGTBI-elementuak-margotzen-6-150x150.jpeg 150w, https:\/\/www.baztan.eus\/wp-content\/uploads\/2023\/06\/LGTBI-elementuak-margotzen-6-200x200.jpeg 200w, https:\/\/www.baztan.eus\/wp-content\/uploads\/2023\/06\/LGTBI-elementuak-margotzen-6-350x350.jpeg 350w, https:\/\/www.baztan.eus\/wp-content\/uploads\/2023\/06\/LGTBI-elementuak-margotzen-6-450x450.jpeg 450w\" sizes=\"auto, (max-width: 150px) 100vw, 150px\" data-attachment-id=\"21046\" data-orig-file=\"https:\/\/www.baztan.eus\/wp-content\/uploads\/2023\/06\/LGTBI-elementuak-margotzen-6.jpeg\" data-orig-size=\"1200,1600\" data-comments-opened=\"0\" data-image-meta=\"{&quot;aperture&quot;:&quot;0&quot;,&quot;credit&quot;:&quot;&quot;,&quot;camera&quot;:&quot;&quot;,&quot;caption&quot;:&quot;&quot;,&quot;created_timestamp&quot;:&quot;0&quot;,&quot;copyright&quot;:&quot;&quot;,&quot;focal_length&quot;:&quot;0&quot;,&quot;iso&quot;:&quot;0&quot;,&quot;shutter_speed&quot;:&quot;0&quot;,&quot;title&quot;:&quot;&quot;,&quot;orientation&quot;:&quot;0&quot;,&quot;keywords&quot;:&quot;Array&quot;}\" data-image-title=\"LGTBI+ elementuak margotzen (6)\" data-image-description=\"\" data-medium-file=\"https:\/\/www.baztan.eus\/wp-content\/uploads\/2023\/06\/LGTBI-elementuak-margotzen-6-225x300.jpeg\" data-large-file=\"https:\/\/www.baztan.eus\/wp-content\/uploads\/2023\/06\/LGTBI-elementuak-margotzen-6-768x1024.jpeg\" \/><\/a>\n\t\t\t<\/div>\n\t\t\t\t<figcaption class='wp-caption-text gallery-caption' id='gallery-1-21046'>\n\t\t\t\tAzpilkuetako Herri eskola\n\t\t\t\t<\/figcaption><\/figure><figure class='gallery-item'>\n\t\t\t<div class='gallery-icon landscape'>\n\t\t\t\t<a href='https:\/\/www.baztan.eus\/noticias\/karrikak-kolorez-betetzen-aniztasuna-balioan-paratzen\/lgtbi-elementuak-margotzen-5\/'><img loading=\"lazy\" decoding=\"async\" width=\"150\" height=\"150\" src=\"https:\/\/www.baztan.eus\/wp-content\/uploads\/2023\/06\/LGTBI-elementuak-margotzen-5-e1687867964788-150x150.jpeg\" class=\"attachment-thumbnail size-thumbnail\" alt=\"\" aria-describedby=\"gallery-1-21045\" srcset=\"https:\/\/www.baztan.eus\/wp-content\/uploads\/2023\/06\/LGTBI-elementuak-margotzen-5-e1687867964788-150x150.jpeg 150w, https:\/\/www.baztan.eus\/wp-content\/uploads\/2023\/06\/LGTBI-elementuak-margotzen-5-e1687867964788-200x200.jpeg 200w, https:\/\/www.baztan.eus\/wp-content\/uploads\/2023\/06\/LGTBI-elementuak-margotzen-5-e1687867964788-350x350.jpeg 350w, https:\/\/www.baztan.eus\/wp-content\/uploads\/2023\/06\/LGTBI-elementuak-margotzen-5-e1687867964788-450x450.jpeg 450w\" sizes=\"auto, (max-width: 150px) 100vw, 150px\" data-attachment-id=\"21045\" data-orig-file=\"https:\/\/www.baztan.eus\/wp-content\/uploads\/2023\/06\/LGTBI-elementuak-margotzen-5-e1687867964788.jpeg\" data-orig-size=\"800,452\" data-comments-opened=\"0\" data-image-meta=\"{&quot;aperture&quot;:&quot;0&quot;,&quot;credit&quot;:&quot;&quot;,&quot;camera&quot;:&quot;&quot;,&quot;caption&quot;:&quot;&quot;,&quot;created_timestamp&quot;:&quot;0&quot;,&quot;copyright&quot;:&quot;&quot;,&quot;focal_length&quot;:&quot;0&quot;,&quot;iso&quot;:&quot;0&quot;,&quot;shutter_speed&quot;:&quot;0&quot;,&quot;title&quot;:&quot;&quot;,&quot;orientation&quot;:&quot;0&quot;,&quot;keywords&quot;:&quot;Array&quot;}\" data-image-title=\"LGTBI+ elementuak margotzen (5)\" data-image-description=\"\" data-medium-file=\"https:\/\/www.baztan.eus\/wp-content\/uploads\/2023\/06\/LGTBI-elementuak-margotzen-5-e1687867964788-300x170.jpeg\" data-large-file=\"https:\/\/www.baztan.eus\/wp-content\/uploads\/2023\/06\/LGTBI-elementuak-margotzen-5-1024x578.jpeg\" \/><\/a>\n\t\t\t<\/div>\n\t\t\t\t<figcaption class='wp-caption-text gallery-caption' id='gallery-1-21045'>\n\t\t\t\tAzpilkuetako Herri eskola\n\t\t\t\t<\/figcaption><\/figure><figure class='gallery-item'>\n\t\t\t<div class='gallery-icon landscape'>\n\t\t\t\t<a href='https:\/\/www.baztan.eus\/noticias\/karrikak-kolorez-betetzen-aniztasuna-balioan-paratzen\/lgtbi-elementuak-margotzen-3\/'><img loading=\"lazy\" decoding=\"async\" width=\"150\" height=\"150\" src=\"https:\/\/www.baztan.eus\/wp-content\/uploads\/2023\/06\/LGTBI-elementuak-margotzen-3-150x150.jpeg\" class=\"attachment-thumbnail size-thumbnail\" alt=\"\" aria-describedby=\"gallery-1-21044\" srcset=\"https:\/\/www.baztan.eus\/wp-content\/uploads\/2023\/06\/LGTBI-elementuak-margotzen-3-150x150.jpeg 150w, https:\/\/www.baztan.eus\/wp-content\/uploads\/2023\/06\/LGTBI-elementuak-margotzen-3-200x200.jpeg 200w, https:\/\/www.baztan.eus\/wp-content\/uploads\/2023\/06\/LGTBI-elementuak-margotzen-3-350x350.jpeg 350w, https:\/\/www.baztan.eus\/wp-content\/uploads\/2023\/06\/LGTBI-elementuak-margotzen-3-450x450.jpeg 450w\" sizes=\"auto, (max-width: 150px) 100vw, 150px\" data-attachment-id=\"21044\" data-orig-file=\"https:\/\/www.baztan.eus\/wp-content\/uploads\/2023\/06\/LGTBI-elementuak-margotzen-3.jpeg\" data-orig-size=\"1600,900\" data-comments-opened=\"0\" data-image-meta=\"{&quot;aperture&quot;:&quot;0&quot;,&quot;credit&quot;:&quot;&quot;,&quot;camera&quot;:&quot;&quot;,&quot;caption&quot;:&quot;&quot;,&quot;created_timestamp&quot;:&quot;0&quot;,&quot;copyright&quot;:&quot;&quot;,&quot;focal_length&quot;:&quot;0&quot;,&quot;iso&quot;:&quot;0&quot;,&quot;shutter_speed&quot;:&quot;0&quot;,&quot;title&quot;:&quot;&quot;,&quot;orientation&quot;:&quot;0&quot;,&quot;keywords&quot;:&quot;Array&quot;}\" data-image-title=\"LGTBI+ elementuak margotzen (3)\" data-image-description=\"\" data-medium-file=\"https:\/\/www.baztan.eus\/wp-content\/uploads\/2023\/06\/LGTBI-elementuak-margotzen-3-300x169.jpeg\" data-large-file=\"https:\/\/www.baztan.eus\/wp-content\/uploads\/2023\/06\/LGTBI-elementuak-margotzen-3-1024x576.jpeg\" \/><\/a>\n\t\t\t<\/div>\n\t\t\t\t<figcaption class='wp-caption-text gallery-caption' id='gallery-1-21044'>\n\t\t\t\tAzpilkuetako Herri eskola\n\t\t\t\t<\/figcaption><\/figure><figure class='gallery-item'>\n\t\t\t<div class='gallery-icon landscape'>\n\t\t\t\t<a href='https:\/\/www.baztan.eus\/es\/?attachment_id=21039'><img loading=\"lazy\" decoding=\"async\" width=\"150\" height=\"150\" src=\"https:\/\/www.baztan.eus\/wp-content\/uploads\/2023\/06\/LGTBI-elementuak-margotzen-4-150x150.jpeg\" class=\"attachment-thumbnail size-thumbnail\" alt=\"\" aria-describedby=\"gallery-1-21039\" srcset=\"https:\/\/www.baztan.eus\/wp-content\/uploads\/2023\/06\/LGTBI-elementuak-margotzen-4-150x150.jpeg 150w, https:\/\/www.baztan.eus\/wp-content\/uploads\/2023\/06\/LGTBI-elementuak-margotzen-4-200x200.jpeg 200w\" sizes=\"auto, (max-width: 150px) 100vw, 150px\" data-attachment-id=\"21039\" data-orig-file=\"https:\/\/www.baztan.eus\/wp-content\/uploads\/2023\/06\/LGTBI-elementuak-margotzen-4.jpeg\" data-orig-size=\"1600,903\" data-comments-opened=\"0\" data-image-meta=\"{&quot;aperture&quot;:&quot;0&quot;,&quot;credit&quot;:&quot;&quot;,&quot;camera&quot;:&quot;&quot;,&quot;caption&quot;:&quot;&quot;,&quot;created_timestamp&quot;:&quot;0&quot;,&quot;copyright&quot;:&quot;&quot;,&quot;focal_length&quot;:&quot;0&quot;,&quot;iso&quot;:&quot;0&quot;,&quot;shutter_speed&quot;:&quot;0&quot;,&quot;title&quot;:&quot;&quot;,&quot;orientation&quot;:&quot;0&quot;,&quot;keywords&quot;:&quot;Array&quot;}\" data-image-title=\"LGTBI+ elementuak margotzen (4)\" data-image-description=\"\" data-medium-file=\"https:\/\/www.baztan.eus\/wp-content\/uploads\/2023\/06\/LGTBI-elementuak-margotzen-4-300x169.jpeg\" data-large-file=\"https:\/\/www.baztan.eus\/wp-content\/uploads\/2023\/06\/LGTBI-elementuak-margotzen-4-1024x578.jpeg\" \/><\/a>\n\t\t\t<\/div>\n\t\t\t\t<figcaption class='wp-caption-text gallery-caption' id='gallery-1-21039'>\n\t\t\t\tAzpilkuetako Heri eskola\n\t\t\t\t<\/figcaption><\/figure><figure class='gallery-item'>\n\t\t\t<div class='gallery-icon portrait'>\n\t\t\t\t<a href='https:\/\/www.baztan.eus\/es\/?attachment_id=21038'><img loading=\"lazy\" decoding=\"async\" width=\"150\" height=\"150\" src=\"https:\/\/www.baztan.eus\/wp-content\/uploads\/2023\/06\/Baztan-ikastola-2-150x150.jpg\" class=\"attachment-thumbnail size-thumbnail\" alt=\"\" aria-describedby=\"gallery-1-21038\" srcset=\"https:\/\/www.baztan.eus\/wp-content\/uploads\/2023\/06\/Baztan-ikastola-2-150x150.jpg 150w, https:\/\/www.baztan.eus\/wp-content\/uploads\/2023\/06\/Baztan-ikastola-2-200x200.jpg 200w\" sizes=\"auto, (max-width: 150px) 100vw, 150px\" data-attachment-id=\"21038\" data-orig-file=\"https:\/\/www.baztan.eus\/wp-content\/uploads\/2023\/06\/Baztan-ikastola-2.jpg\" data-orig-size=\"810,1014\" data-comments-opened=\"0\" data-image-meta=\"{&quot;aperture&quot;:&quot;0&quot;,&quot;credit&quot;:&quot;&quot;,&quot;camera&quot;:&quot;&quot;,&quot;caption&quot;:&quot;&quot;,&quot;created_timestamp&quot;:&quot;0&quot;,&quot;copyright&quot;:&quot;&quot;,&quot;focal_length&quot;:&quot;0&quot;,&quot;iso&quot;:&quot;0&quot;,&quot;shutter_speed&quot;:&quot;0&quot;,&quot;title&quot;:&quot;&quot;,&quot;orientation&quot;:&quot;0&quot;,&quot;keywords&quot;:&quot;Array&quot;}\" data-image-title=\"Baztan ikastola 2\" data-image-description=\"\" data-medium-file=\"https:\/\/www.baztan.eus\/wp-content\/uploads\/2023\/06\/Baztan-ikastola-2-240x300.jpg\" data-large-file=\"https:\/\/www.baztan.eus\/wp-content\/uploads\/2023\/06\/Baztan-ikastola-2.jpg\" \/><\/a>\n\t\t\t<\/div>\n\t\t\t\t<figcaption class='wp-caption-text gallery-caption' id='gallery-1-21038'>\n\t\t\t\tBaztan Ikastola\n\t\t\t\t<\/figcaption><\/figure><figure class='gallery-item'>\n\t\t\t<div class='gallery-icon portrait'>\n\t\t\t\t<a href='https:\/\/www.baztan.eus\/es\/?attachment_id=21037'><img loading=\"lazy\" decoding=\"async\" width=\"150\" height=\"150\" src=\"https:\/\/www.baztan.eus\/wp-content\/uploads\/2023\/06\/Baztan-ikastola-1-150x150.jpg\" class=\"attachment-thumbnail size-thumbnail\" alt=\"\" aria-describedby=\"gallery-1-21037\" srcset=\"https:\/\/www.baztan.eus\/wp-content\/uploads\/2023\/06\/Baztan-ikastola-1-150x150.jpg 150w, https:\/\/www.baztan.eus\/wp-content\/uploads\/2023\/06\/Baztan-ikastola-1-200x200.jpg 200w, https:\/\/www.baztan.eus\/wp-content\/uploads\/2023\/06\/Baztan-ikastola-1-350x350.jpg 350w, https:\/\/www.baztan.eus\/wp-content\/uploads\/2023\/06\/Baztan-ikastola-1-450x450.jpg 450w\" sizes=\"auto, (max-width: 150px) 100vw, 150px\" data-attachment-id=\"21037\" data-orig-file=\"https:\/\/www.baztan.eus\/wp-content\/uploads\/2023\/06\/Baztan-ikastola-1.jpg\" data-orig-size=\"1080,1350\" data-comments-opened=\"0\" data-image-meta=\"{&quot;aperture&quot;:&quot;0&quot;,&quot;credit&quot;:&quot;&quot;,&quot;camera&quot;:&quot;&quot;,&quot;caption&quot;:&quot;&quot;,&quot;created_timestamp&quot;:&quot;0&quot;,&quot;copyright&quot;:&quot;&quot;,&quot;focal_length&quot;:&quot;0&quot;,&quot;iso&quot;:&quot;0&quot;,&quot;shutter_speed&quot;:&quot;0&quot;,&quot;title&quot;:&quot;&quot;,&quot;orientation&quot;:&quot;0&quot;,&quot;keywords&quot;:&quot;Array&quot;}\" data-image-title=\"Baztan ikastola 1\" data-image-description=\"\" data-medium-file=\"https:\/\/www.baztan.eus\/wp-content\/uploads\/2023\/06\/Baztan-ikastola-1-240x300.jpg\" data-large-file=\"https:\/\/www.baztan.eus\/wp-content\/uploads\/2023\/06\/Baztan-ikastola-1-819x1024.jpg\" \/><\/a>\n\t\t\t<\/div>\n\t\t\t\t<figcaption class='wp-caption-text gallery-caption' id='gallery-1-21037'>\n\t\t\t\tBaztan Ikastola\n\t\t\t\t<\/figcaption><\/figure>\n\t\t<\/div>\n\n<p>&nbsp;<\/p>\n<div style=\"width: 1280px;\" class=\"wp-video\"><!--[if lt IE 9]><script>document.createElement('video');<\/script><![endif]-->\n<video class=\"wp-video-shortcode\" id=\"video-21052-1\" width=\"1280\" height=\"720\" preload=\"metadata\" controls=\"controls\"><source type=\"video\/mp4\" src=\"https:\/\/www.baztan.eus\/wp-content\/uploads\/2023\/06\/Azpilkueta.mp4?_=1\" \/><a href=\"https:\/\/www.baztan.eus\/wp-content\/uploads\/2023\/06\/Azpilkueta.mp4\">https:\/\/www.baztan.eus\/wp-content\/uploads\/2023\/06\/Azpilkueta.mp4<\/a><\/video><\/div>\n","protected":false},"author":3,"featured_media":21045,"template":"","format":"standard","meta":{"_wpml_word_count":["{\"total\":368,\"to_translate\":{\"es\":368}}"],"_wpml_media_featured":["1"],"_wpml_media_duplicate":["1"],"imagenslia":[""],"subti":["En los \u00faltimos a\u00f1os los discursos de odio LGTBI+f\u00f3bicos se han naturalizado y han crecido peligrosamente, como lo han hecho las agresiones. Por eso, es muy importante reivindicar el respeto a todas las orientaciones sexuales y diferentes formas de expresar el g\u00e9nero junto con toda la ciudadan\u00eda, incluidos los ni\u00f1os, ni\u00f1as, ni\u00f1es y adolescentes."],"_edit_lock":["1687870627:3"],"_edit_last":["3"],"_last_translation_edit_mode":["native-editor"],"_thumbnail_id":["21045"]},"class_list":["post-21052","noticias","type-noticias","status-publish","format-standard","has-post-thumbnail","hentry","categorianoticias-actualidad","categorianoticias-euskara-zerbitzua-es","categorianoticias-zerbitzuak-es"],"_links":{"self":[{"href":"https:\/\/www.baztan.eus\/es\/wp-json\/wp\/v2\/noticias\/21052","targetHints":{"allow":["GET"]}}],"collection":[{"href":"https:\/\/www.baztan.eus\/es\/wp-json\/wp\/v2\/noticias"}],"about":[{"href":"https:\/\/www.baztan.eus\/es\/wp-json\/wp\/v2\/types\/noticias"}],"author":[{"embeddable":true,"href":"https:\/\/www.baztan.eus\/es\/wp-json\/wp\/v2\/users\/3"}],"wp:featuredmedia":[{"embeddable":true,"href":"https:\/\/www.baztan.eus\/es\/wp-json\/wp\/v2\/media\/21045"}],"wp:attachment":[{"href":"https:\/\/www.baztan.eus\/es\/wp-json\/wp\/v2\/media?parent=21052"}],"curies":[{"name":"wp","href":"https:\/\/api.w.org\/{rel}","templated":true}]}}