{"id":21148,"date":"2023-07-21T06:30:47","date_gmt":"2023-07-21T06:30:47","guid":{"rendered":"https:\/\/www.baztan.eus\/?post_type=noticias&#038;p=21148"},"modified":"2023-07-21T06:30:47","modified_gmt":"2023-07-21T06:30:47","slug":"disfrutemos-de-las-fiestas-sin-dejar-a-nadie-fuera","status":"publish","type":"noticias","link":"https:\/\/www.baztan.eus\/es\/noticias\/disfrutemos-de-las-fiestas-sin-dejar-a-nadie-fuera\/","title":{"rendered":"Disfrutemos de las fiestas, sin dejar a nadie fuera"},"content":{"rendered":"<p>La semana que viene se celebrar\u00e1n las fiestas de Santiago de Elizondo. El ambiente festivo envolver\u00e1 las calles, y el objetivo ser\u00e1 que todas las personas se diviertan. Sin embargo, es evidente que no todas las personas vivimos las fiestas de la misma manera. Las violencias sexistas y las amenazas de sufrirlas limitan el disfrute de las mujeres y las personas LGTBI+, generando una gran desigualdad. Las fiestas est\u00e1n en el centro de la vida, est\u00e1n estrechamente relacionadas con el mundo de las ideas y los valores y, por tanto, con la identidad del pueblo y con la estructura social. Las actividades que se llevan a cabo durante las fiestas son expresiones culturales de gran significaci\u00f3n pol\u00edtica y simb\u00f3lica que caracterizan nuestra cultura. Al ser espacios de encuentro y relaci\u00f3n, al igual que el resto de contextos sociales, a veces se convierten en escenarios de conductas sexistas, impidiendo que todas las personas disfruten libremente de las otras.<\/p>\n<p>Las violencias sexistas son un ejercicio del poder que pueden llegar desde las agresiones sexistas (el acoso verbal, la vejaci\u00f3n, etc.) hasta las agresiones sexuales m\u00e1s graves. Todas estas manifestaciones dan lugar a un <em>continium<\/em> de la violencia que parte de la desigualdad y la discriminaci\u00f3n, de los roles y estereotipos asociados a los sexos, y que a\u00fan afloran en muchas personas en nuestra sociedad. Acciones como la insistencia en ligar o el acoso verbal se asocian a pr\u00e1cticas, creencias o estereotipos machistas y son las m\u00e1s frecuentes en contextos de ocio, hasta ahora normalizados e invisibles.<\/p>\n<p>En los \u00faltimos a\u00f1os el Ayuntamiento, los movimientos sociales, el sistema educativo&#8230; estamos trabajando y hemos profundizado en el trabajo de transformaci\u00f3n social, desde su raiz, de la desigualdad de g\u00e9nero, pero todav\u00eda queda mucho por hacer. En este sentido, es necesario atender y dar una respuesta coordinada a la discriminaci\u00f3n y violencia sexista que sufren las mujeres y las personas del colectivo LGTBI+.<\/p>\n<p>Nuestro compromiso con el municipio implica construir un nuevo modelo de relaci\u00f3n, m\u00e1s justo, m\u00e1s igualitario, que destierre definitivamente los valores machistas del territorio, y mientras no lo consigamos, seguiremos atendiendo a las mujeres y a las personas LGTBI+ que sufren estas violencias, porque mientras dure la desigualdad seguiremos sufriendo violencias sexistas y sexuales.<\/p>\n<p>En este sentido, el Ayuntamiento de Baztan, el Movimiento Feminista y el pueblo de Elizondo tenemos una actitud activa para erradicar las violencias contra las mujeres tanto en los \u00e1mbitos festivos como fuera de los mismos. Entre las acciones llevadas a cabo, algunas se han realizado desde la discriminaci\u00f3n positiva, corrigiendo situaciones de desigualdad y rompiendo estereotipos, es decir, permitiendo el ejercicio de la pol\u00edtica social y los derechos civiles para mejorar la calidad de vida de los grupos desfavorecidos. El objetivo es eliminar la discriminaci\u00f3n contra estos colectivos, para lo cual se propone dar un trato preferente a un grupo desfavorecido, para lograr que sea respetado y se consiga progresivamente la igualdad de oportunidades.<\/p>\n<p>Una de estas acciones positivas es el <em>I Protocolo Local de Coordinaci\u00f3n de la Actuaci\u00f3n ante la violencia contra las mujeres en Bazt\u00e1n<\/em>, aprobado por unanimidad en el Pleno el pasado mes de abril. Este es un protocolo, el Protocolo de Violencia, que protege a las mujeres y al colectivo LGTBI+, regulando la responsabilidad y la respuesta coordinada del Ayuntamiento y otros agentes ante cualquier forma de violencia que puedan ejercer los hombres sobre las mujeres y las personas LGTBI+. En este texto se regogen muchas formas de violencia, adem\u00e1s de las violencias f\u00edsicas, otras como insultos, amenazas o desprecios, todas ellas consideradas como violencia.<\/p>\n<p>Es sabido que en los \u00faltimos a\u00f1os se han dado estas situaciones, por ejemplo, en torno a las mutil dantzas. <img loading=\"lazy\" decoding=\"async\" class=\"size-medium wp-image-21051 alignleft\" src=\"https:\/\/www.baztan.eus\/wp-content\/uploads\/2023\/06\/E28-banerra-ARGIA-e1689920718755-300x148.jpg\" alt=\"\" width=\"300\" height=\"148\" srcset=\"https:\/\/www.baztan.eus\/wp-content\/uploads\/2023\/06\/E28-banerra-ARGIA-e1689920718755-300x148.jpg 300w, https:\/\/www.baztan.eus\/wp-content\/uploads\/2023\/06\/E28-banerra-ARGIA-e1689920718755-1024x506.jpg 1024w, https:\/\/www.baztan.eus\/wp-content\/uploads\/2023\/06\/E28-banerra-ARGIA-e1689920718755-768x379.jpg 768w, https:\/\/www.baztan.eus\/wp-content\/uploads\/2023\/06\/E28-banerra-ARGIA-e1689920718755-233x115.jpg 233w, https:\/\/www.baztan.eus\/wp-content\/uploads\/2023\/06\/E28-banerra-ARGIA-e1689920718755.jpg 1312w\" sizes=\"auto, (max-width: 300px) 100vw, 300px\" \/>En pro de que \u00e9stos no se repitan, como prevenci\u00f3n, invitamos a toda la ciudadan\u00eda a participar en la mutil dantza igualitaria en la plaza de Elizondo y, adem\u00e1s, como prevenci\u00f3n, tambi\u00e9n hacemos una petici\u00f3n para que no se baile a los de fuera de la plaza, para garantizar el disfrute de nuestra cultura y folclore en valores basados en la igualdad y la convivencia. Asimismo, solicitamos que se eviten actitudes e iniciativas que puedan romper esta convivencia respetuosa, para que las fiestas sean un disfrute para todas las personas.<\/p>\n<p>En definitiva, el objetivo es que toda la ciudadan\u00eda se sienta parte activa en el camino de la eliminaci\u00f3n de todas las violencias contra las mujeres y personas LGTBI+. Queremos hacer un llamamiento a los hombres adultos y j\u00f3venes para que contribuyan a ello y no sean c\u00f3mplices de las conductas sexistas y de la violencia sexual, contribuyendo a su identificaci\u00f3n y erradicaci\u00f3n. En este mismo sentido, llamamos a las mujeres j\u00f3venes y adultas a responder a todo tipo de agresiones y a buscar el apoyo de otras mujeres y movimientos organizados como el Movimiento Feminista.<\/p>\n<p>Otro ejemplo de acciones positivas es la atenci\u00f3n y respuesta a las personas que sufren violencia en las fiestas de Elizondo. En este sentido, personas voluntarias de <em>I\u00f1arrosi Neska Gazteen Taldea<\/em> y de la Comisi\u00f3n de Fiestas de Elizondo pondr\u00e1n en marcha la <strong>Brigada Morada<\/strong>.<\/p>\n<p><strong>Ante cualquier tipo de agresi\u00f3n sexista o sexual, la ciudadan\u00eda podr\u00e1 acercarse a las personas que porten el brazalete morado y recibir la atenci\u00f3n necesaria. <\/strong>La atenci\u00f3n puede ser m\u00faltiple: informar de la agresi\u00f3n sufrida para tener conocimiento de lo sucedido y poder realizar acciones preventivas concretas en el futuro; acompa\u00f1ar al centro de salud o a la polic\u00eda si fuera necesario; dar una respuesta contundente, tomando las calles, para decir en voz alta que no aceptamos ninguna agresi\u00f3n y que los agresores no tienen cabida en nuestra sociedad.<\/p>\n<p>Si sufres alguna agresi\u00f3n o conoces a alguien que la ha sufrido, acude a esas personas, te ayudar\u00e1n, te explicar\u00e1n qu\u00e9 recursos hay para atender lo que te ha pasado o a qui\u00e9n acudir (apoyo psicol\u00f3gico, legal, sanitario, social&#8230;) y te acompa\u00f1ar\u00e1n en todo lo que necesites.<\/p>\n<p>Para cualquier duda o informaci\u00f3n m\u00e1s detallada dir\u00edgete a la p\u00e1gina web del Ayuntamiento: <a href=\"https:\/\/www.baztan.eus\/es\/servicios\/igualdad\/erasoen-aitzinean-zer-egin\/\">https:\/\/www.baztan.eus\/es\/servicios\/igualdad\/erasoen-aitzinean-zer-egin\/<\/a><\/p>\n<p>&nbsp;<\/p>\n","protected":false},"author":3,"featured_media":21147,"template":"","format":"standard","meta":{"_wpml_word_count":["{\"total\":732,\"to_translate\":{\"es\":732}}"],"_wpml_media_featured":["1"],"_wpml_media_duplicate":["1"],"imagenslia":[""],"subti":["La semana que viene se celebrar\u00e1n las fiestas de Santiago de Elizondo. El ambiente festivo envolver\u00e1 las calles, y el objetivo ser\u00e1 que todas las personas se diviertan. Sin embargo, es evidente que no todas las personas vivimos las fiestas de la misma manera. Las violencias sexistas y las amenazas de sufrirlas limitan el disfrute de las mujeres y las personas LGTBI+, generando una gran desigualdad. Las fiestas est\u00e1n en el centro de la vida, est\u00e1n estrechamente relacionadas con el mundo de las ideas y los valores y, por tanto, con la identidad del pueblo y con la estructura social. Las actividades que se llevan a cabo durante las fiestas son expresiones culturales de gran significaci\u00f3n pol\u00edtica y simb\u00f3lica que caracterizan nuestra cultura."],"_edit_lock":["1689920957:3"],"_edit_last":["3"],"_thumbnail_id":["21147"]},"class_list":["post-21148","noticias","type-noticias","status-publish","format-standard","has-post-thumbnail","hentry","categorianoticias-actualidad","categorianoticias-zerbitzuak-es"],"_links":{"self":[{"href":"https:\/\/www.baztan.eus\/es\/wp-json\/wp\/v2\/noticias\/21148","targetHints":{"allow":["GET"]}}],"collection":[{"href":"https:\/\/www.baztan.eus\/es\/wp-json\/wp\/v2\/noticias"}],"about":[{"href":"https:\/\/www.baztan.eus\/es\/wp-json\/wp\/v2\/types\/noticias"}],"author":[{"embeddable":true,"href":"https:\/\/www.baztan.eus\/es\/wp-json\/wp\/v2\/users\/3"}],"wp:featuredmedia":[{"embeddable":true,"href":"https:\/\/www.baztan.eus\/es\/wp-json\/wp\/v2\/media\/21147"}],"wp:attachment":[{"href":"https:\/\/www.baztan.eus\/es\/wp-json\/wp\/v2\/media?parent=21148"}],"curies":[{"name":"wp","href":"https:\/\/api.w.org\/{rel}","templated":true}]}}