{"id":21236,"date":"2023-06-02T07:24:34","date_gmt":"2023-06-02T07:24:34","guid":{"rendered":"https:\/\/www.baztan.eus\/noticias\/baztandarrek-euskararen-inguruan-duten-iritzia-jakiteko-saioak\/"},"modified":"2023-08-07T11:35:58","modified_gmt":"2023-08-07T11:35:58","slug":"baztandarrek-euskararen-inguruan-duten-iritzia-jakiteko-saioak","status":"publish","type":"noticias","link":"https:\/\/www.baztan.eus\/es\/noticias\/baztandarrek-euskararen-inguruan-duten-iritzia-jakiteko-saioak\/","title":{"rendered":"SESIONES PARA SABER LA OPINI\u00d3N DE LA POBLACI\u00d3N DE BAZTAN SOBRE EL EUSKERA"},"content":{"rendered":"<p><strong>Mediante estas jornadas se quiere escuchar y recibir LA OPINI\u00d3N DE LA CIUDADAN\u00cdA SOBRE EL EUSKERA.<\/strong><\/p>\n<p>Como bien sab\u00e9is, el Ayuntamiento de Baztan ha empezado a dise\u00f1ar el <em>plan estrat\u00e9gico del euskera<\/em>. Para ello, queremos saber la opini\u00f3n de la ciudadan\u00eda de Baztan. <strong>Queremos saber tu opini\u00f3n<\/strong>. Por ese motivo, organizaremos en los cuatro cuarteles una sesi\u00f3n (los hemos denominado jornadas) para recoger vuestras opiniones y aportaciones. Es hora de dar paso al saber colectivo. Sin embargo, tenemos que empezar a dibujar a donde queremos ir. \u00a1Si es en com\u00fan, mucho mejor!<\/p>\n<p><a href=\"http:\/\/www.baztan.eus\/wp-content\/uploads\/2023\/06\/Lan-mahaiak-kartela.jpg\" target=\"_blank\" rel=\"noopener\"><img loading=\"lazy\" decoding=\"async\" class=\"alignright wp-image-20886\" src=\"http:\/\/www.baztan.eus\/wp-content\/uploads\/2023\/06\/Lan-mahaiak-kartela-212x300.jpg\" alt=\"\" width=\"371\" height=\"525\" srcset=\"https:\/\/www.baztan.eus\/wp-content\/uploads\/2023\/06\/Lan-mahaiak-kartela-212x300.jpg 212w, https:\/\/www.baztan.eus\/wp-content\/uploads\/2023\/06\/Lan-mahaiak-kartela-300x424.jpg 300w, https:\/\/www.baztan.eus\/wp-content\/uploads\/2023\/06\/Lan-mahaiak-kartela-81x115.jpg 81w, https:\/\/www.baztan.eus\/wp-content\/uploads\/2023\/06\/Lan-mahaiak-kartela.jpg 679w\" sizes=\"auto, (max-width: 371px) 100vw, 371px\" \/><\/a><span style=\"font-weight: 400;\">Con el fin de organizar adecuadamente las mesas de trabajo, te agradeceremos que te inscribas en el siguiente enlace<\/span>:<\/p>\n<table style=\"border-collapse: collapse; width: 41.6431%; height: 45px;\" border=\"1\">\n<tbody>\n<tr>\n<td style=\"width: 100%;\"><span style=\"color: #0000ff;\"><strong><a class=\"x1i10hfl xjbqb8w x6umtig x1b1mbwd xaqea5y xav7gou x9f619 x1ypdohk xt0psk2 xe8uvvx xdj266r x11i5rnm xat24cr x1mh8g0r xexx8yu x4uap5 x18d9i69 xkhd6sd x16tdsg8 x1hl2dhg xggy1nq x1a2a7pz xt0b8zv x1fey0fg\" style=\"color: #0000ff;\" tabindex=\"0\" role=\"link\" href=\"https:\/\/questionpro.com\/t\/AXsvuZyW6Y?fbclid=IwAR1Tfz5qg1ldw87fED9LJNkXM3OcKH1jVzK7KJNCjCu972l0O7Oo4B1gggM\" target=\"_blank\" rel=\"nofollow noopener noreferrer\">https:\/\/questionpro.com\/t\/AXsvuZyW6Y<\/a><\/strong><\/span><\/td>\n<\/tr>\n<\/tbody>\n<\/table>\n<p>&nbsp;<\/p>\n<p><span style=\"color: #000000;\"><strong>NOTA:<\/strong><\/span> <span style=\"font-weight: 400;\">Si no puedes acudir a la jornada correspondiente a tu cuartel se puede ir a la organizada en otro cuartel. \u00a1La cosa es participar!<\/span><\/p>\n<p><span style=\"font-weight: 400;\">\u00a1An\u00edmate, queremos escucharte!<\/span><\/p>\n<p>&nbsp;<\/p>\n","protected":false},"author":4,"featured_media":0,"template":"","format":"standard","meta":{"_wpml_word_count":["{\"total\":128,\"to_translate\":{\"es\":128}}"],"_wpml_media_featured":["1"],"_wpml_media_duplicate":["1"],"imagenslia":[""],"subti":[""],"_edit_lock":["1691408054:4"],"_edit_last":["4"],"mostrar_barra":["1"]},"class_list":["post-21236","noticias","type-noticias","status-publish","format-standard","hentry","categorianoticias-actualidad","categorianoticias-euskara-zerbitzua-es"],"_links":{"self":[{"href":"https:\/\/www.baztan.eus\/es\/wp-json\/wp\/v2\/noticias\/21236","targetHints":{"allow":["GET"]}}],"collection":[{"href":"https:\/\/www.baztan.eus\/es\/wp-json\/wp\/v2\/noticias"}],"about":[{"href":"https:\/\/www.baztan.eus\/es\/wp-json\/wp\/v2\/types\/noticias"}],"author":[{"embeddable":true,"href":"https:\/\/www.baztan.eus\/es\/wp-json\/wp\/v2\/users\/4"}],"wp:attachment":[{"href":"https:\/\/www.baztan.eus\/es\/wp-json\/wp\/v2\/media?parent=21236"}],"curies":[{"name":"wp","href":"https:\/\/api.w.org\/{rel}","templated":true}]}}