{"id":21251,"date":"2022-07-04T10:23:46","date_gmt":"2022-07-04T10:23:46","guid":{"rendered":"https:\/\/www.baztan.eus\/noticias\/musikaz-blai-nafarroako-ipar-mendebaldean-euskarazko-musika-hedatzeko-ekimena\/"},"modified":"2023-08-08T11:35:53","modified_gmt":"2023-08-08T11:35:53","slug":"musikaz-blai-nafarroako-ipar-mendebaldean-euskarazko-musika-hedatzeko-ekimena","status":"publish","type":"noticias","link":"https:\/\/www.baztan.eus\/es\/noticias\/musikaz-blai-nafarroako-ipar-mendebaldean-euskarazko-musika-hedatzeko-ekimena\/","title":{"rendered":"MUSIKAZ BLAI: iniciativa para difundir la musica en euskera al Noroeste de Navarra"},"content":{"rendered":"<p><strong>Se difundir\u00e1n, a trav\u00e9s de los medios de comunicaci\u00f3n locales y de <a href=\"http:\/\/elaide.eus\">elaide.eus<\/a>, las listas de canciones en euskera propuestas por diferentes ciudadanos conocidos o referenciales en este \u00e1mbito geogr\u00e1fico. Se trata de una iniciativa que se quiere difundir especialmente entre la juventud pero tambi\u00e9n de cara al p\u00fablico en general. Arranca con las listas de canciones propuestas por los tres vecinos.<\/strong><\/p>\n<p><strong>\u00a0<\/strong><\/p>\n<p><strong>Objetivos<\/strong><\/p>\n<p><span style=\"font-weight: 400;\">Estos son los objetivos de la iniciativa:<\/span><\/p>\n<ul>\n<li style=\"font-weight: 400;\" aria-level=\"1\"><span style=\"font-weight: 400;\">Difundir la m\u00fasica en euskera y conseguir nuevos y nuevas oyentes.<\/span><\/li>\n<li style=\"font-weight: 400;\" aria-level=\"1\"><span style=\"font-weight: 400;\">Socializar las propuestas musicales comarcales en euskera.<\/span><\/li>\n<li style=\"font-weight: 400;\" aria-level=\"1\"><span style=\"font-weight: 400;\">Socializar los nuevos grupos y estilos musicales que act\u00faan en euskera.<\/span><\/li>\n<li style=\"font-weight: 400;\" aria-level=\"1\"><span style=\"font-weight: 400;\">Socializar la diversidad de propuestas musicales en euskera (estilos musicales, presencia de mujeres, diferentes generaciones&#8230;).<\/span><\/li>\n<\/ul>\n<p>&nbsp;<\/p>\n<p><b>Para arrancar tres listas de reproducci\u00f3n<\/b><\/p>\n<p><span style=\"font-weight: 400;\">Para la puesta en marcha de la iniciativa se han hecho p\u00fablicas las listas de reproducci\u00f3n propuestas por estos tres vecinos:<\/span><\/p>\n<ul>\n<li><span style=\"color: #000080;\"><strong><a style=\"color: #000080;\" href=\"https:\/\/erran.eus\/bortziriak\/1653309194336-irantzu-pastor-ordokiren-euskal-musikarik-gogokoena\" target=\"_blank\" rel=\"noopener\">Irantzu Pastor Ordoki<\/a>,<\/strong><\/span> fot\u00f3grafa (Lesaka)<\/li>\n<li><strong><span style=\"color: #000080;\"><a style=\"color: #000080;\" href=\"https:\/\/erran.eus\/malerreka\/1653980971870-arkaitz-mindegia-baleztenaren-euskal-musikarik-gogokoena\" target=\"_blank\" rel=\"noopener\">Arkaitz Mindegia Baleztena<\/a>,<\/span><\/strong> m\u00fasico (Aurtitz)<\/li>\n<li><strong><span style=\"color: #000080;\"><a style=\"color: #000080;\" href=\"https:\/\/erran.eus\/mendialdea\/1655283855378-aritz-ganboa-de-miguelen-euskal-musikarik-gogokoena\" target=\"_blank\" rel=\"noopener\">Aritz Ganboa De Miguel<\/a><\/span><\/strong>, pastor (Arruazu)<\/li>\n<\/ul>\n<p><span style=\"font-weight: 400;\">Al proyecto se sumar\u00e1n las listas de canciones realizadas por m\u00e1s vecinos en los pr\u00f3ximos meses.<\/span><\/p>\n<p>&nbsp;<\/p>\n<p><b>La difusi\u00f3n de las listas\u00a0<\/b><\/p>\n<p><span style=\"font-weight: 400;\">Las listas estar\u00e1n disponibles en los medios de comunicaci\u00f3n locales. Precisamente en los peri\u00f3dicos digitales <a href=\"http:\/\/erran.eus\">erran.eus<\/a>, <a href=\"http:\/\/guaixe.eus\">guaixe.eus<\/a> y <a href=\"http:\/\/amezti.eus\">amezti.eus<\/a>, y en la web <a href=\"http:\/\/elaide.eus\">elaide.eus<\/a>. Asimismo, tambi\u00e9n se podr\u00e1n encontrar listas de canciones en las p\u00e1ginas web de las entidades organizadoras.<\/span><\/p>\n<p>&nbsp;<\/p>\n<p><b>Entidades organizadoras<\/b><\/p>\n<ul>\n<li style=\"font-weight: 400;\" aria-level=\"1\"><span style=\"font-weight: 400;\">Ayuntamiento de Baztan-Servicio de Euskera<\/span><\/li>\n<li style=\"font-weight: 400;\" aria-level=\"1\"><span style=\"font-weight: 400;\">Mancomunidad de Euskera de Bortziriak<\/span><\/li>\n<li style=\"font-weight: 400;\" aria-level=\"1\"><span style=\"font-weight: 400;\">Mancomunidad de Malerreka-Servicio de Euskera<\/span><\/li>\n<li style=\"font-weight: 400;\" aria-level=\"1\"><span style=\"font-weight: 400;\">Mancomunidad de Euskera del Norte de Navarra<\/span><\/li>\n<li style=\"font-weight: 400;\" aria-level=\"1\"><span style=\"font-weight: 400;\">Mancomunidad de Sakana-Servicio de Euskera<\/span><\/li>\n<\/ul>\n<p>&nbsp;<\/p>\n","protected":false},"author":4,"featured_media":0,"template":"","format":"standard","meta":{"_wpml_word_count":["{\"total\":205,\"to_translate\":{\"es\":205}}"],"_wpml_media_featured":["1"],"_wpml_media_duplicate":["1"],"imagenslia":[""],"subti":[""],"_edit_lock":["1691494456:4"],"_edit_last":["4"],"mostrar_barra":["1"]},"class_list":["post-21251","noticias","type-noticias","status-publish","format-standard","hentry","categorianoticias-euskara-zerbitzua-es"],"_links":{"self":[{"href":"https:\/\/www.baztan.eus\/es\/wp-json\/wp\/v2\/noticias\/21251","targetHints":{"allow":["GET"]}}],"collection":[{"href":"https:\/\/www.baztan.eus\/es\/wp-json\/wp\/v2\/noticias"}],"about":[{"href":"https:\/\/www.baztan.eus\/es\/wp-json\/wp\/v2\/types\/noticias"}],"author":[{"embeddable":true,"href":"https:\/\/www.baztan.eus\/es\/wp-json\/wp\/v2\/users\/4"}],"wp:attachment":[{"href":"https:\/\/www.baztan.eus\/es\/wp-json\/wp\/v2\/media?parent=21251"}],"curies":[{"name":"wp","href":"https:\/\/api.w.org\/{rel}","templated":true}]}}