{"id":21267,"date":"2021-02-10T12:11:19","date_gmt":"2021-02-10T11:11:19","guid":{"rendered":"https:\/\/www.baztan.eus\/noticias\/eusalto-udalerri-euskaldunetako-gazteendako-topaketetarako-izen-ematea-zabalik-da\/"},"modified":"2023-08-09T09:42:32","modified_gmt":"2023-08-09T09:42:32","slug":"eusalto-udalerri-euskaldunetako-gazteendako-topaketetarako-izen-ematea-zabalik-da","status":"publish","type":"noticias","link":"https:\/\/www.baztan.eus\/es\/noticias\/eusalto-udalerri-euskaldunetako-gazteendako-topaketetarako-izen-ematea-zabalik-da\/","title":{"rendered":"Abierta la inscripci\u00f3n para los encuentros SALTO para j\u00f3venes de municipios euskaldunes"},"content":{"rendered":"<p><span style=\"font-weight: 400;\">Est\u00e1 dirigido a j\u00f3venes de entre 14-18 a\u00f1os. Los encuentros para j\u00f3venes de municipios euskaldunes ser\u00e1n del 28 de junio al 4 de julio. Comenzar\u00e1n en Zumaia y acabar\u00e1n en Lekeitio, y el plazo de inscripci\u00f3n termina el 31 de marzo.\u00a0<\/span><\/p>\n<p>M\u00e1s informaci\u00f3n <a href=\"http:\/\/labur.eus\/salto2021\" target=\"_blank\" rel=\"noopener noreferrer\">aqu\u00ed.<\/a><\/p>\n<p><span style=\"font-weight: 400;\">Por otra parte, <\/span><b>se necesitan cocineros y monitores<\/b><span style=\"font-weight: 400;\"> para trabajar en estos encuentros. \u00a1Si t\u00fa tambi\u00e9n quieres participar inscr\u00edbete!<\/span> He <a href=\"https:\/\/labur.eus\/salto-begiraleak2021\" target=\"_blank\" rel=\"noopener noreferrer\">aqu\u00ed la convocatoria para monitores.<\/a><\/p>\n","protected":false},"author":133,"featured_media":0,"template":"","format":"standard","meta":{"_wpml_word_count":["{\"total\":75,\"to_translate\":{\"es\":75}}"],"_qt_imported":["original"],"_qt_links_fixed":["1"],"_edit_lock":["1691574492:4"],"_edit_last":["4"],"subti":[""],"mostrar_barra":["1"],"_wpml_media_featured":["1"],"_wpml_media_duplicate":["1"]},"class_list":["post-21267","noticias","type-noticias","status-publish","format-standard","hentry"],"_links":{"self":[{"href":"https:\/\/www.baztan.eus\/es\/wp-json\/wp\/v2\/noticias\/21267","targetHints":{"allow":["GET"]}}],"collection":[{"href":"https:\/\/www.baztan.eus\/es\/wp-json\/wp\/v2\/noticias"}],"about":[{"href":"https:\/\/www.baztan.eus\/es\/wp-json\/wp\/v2\/types\/noticias"}],"author":[{"embeddable":true,"href":"https:\/\/www.baztan.eus\/es\/wp-json\/wp\/v2\/users\/133"}],"wp:attachment":[{"href":"https:\/\/www.baztan.eus\/es\/wp-json\/wp\/v2\/media?parent=21267"}],"curies":[{"name":"wp","href":"https:\/\/api.w.org\/{rel}","templated":true}]}}