{"id":21271,"date":"2020-06-02T13:18:07","date_gmt":"2020-06-02T11:18:07","guid":{"rendered":"https:\/\/www.baztan.eus\/noticias\/eu2020an-ez-da-eskainiko-udako-jostaldirik\/"},"modified":"2023-08-09T10:03:01","modified_gmt":"2023-08-09T10:03:01","slug":"eu2020an-ez-da-eskainiko-udako-jostaldirik","status":"publish","type":"noticias","link":"https:\/\/www.baztan.eus\/es\/noticias\/eu2020an-ez-da-eskainiko-udako-jostaldirik\/","title":{"rendered":"EN 2020 NO HABR\u00c1 UDAKO JOSTALDIA"},"content":{"rendered":"<p><span style=\"font-weight: 400;\">Por la situaci\u00f3n que ha causado la COVID-19, este verano no habr\u00e1 Udako Jostaldia. El Ayuntamiento de Baztan, ante la dificultad de cumplir las condiciones sanitarias y las medidas de seguridad necesarias para la correcta prestaci\u00f3n de las actividades, ha decidido no organizarlas.<\/span><\/p>\n<p><span style=\"font-weight: 400;\">Aunque la decisi\u00f3n de este a\u00f1o ha sido debido a las circunstancias excepcionales, la organizaci\u00f3n tiene la esperanza de que las actividades del pr\u00f3ximo a\u00f1o sean estupendas, y con ese prop\u00f3sito iniciar\u00e1n los preparativos del a\u00f1o que viene.\u00a0\u00a0<\/span><\/p>\n<p><img loading=\"lazy\" decoding=\"async\" class=\"alignnone size-full wp-image-11222\" src=\"http:\/\/www.baztan.eus\/wp-content\/uploads\/2020\/06\/Baztango-Udako-Jostaldiak-BERTAN-BEHERA-2.jpg\" alt=\"\" width=\"1688\" height=\"3001\" srcset=\"https:\/\/www.baztan.eus\/wp-content\/uploads\/2020\/06\/Baztango-Udako-Jostaldiak-BERTAN-BEHERA-2.jpg 1688w, https:\/\/www.baztan.eus\/wp-content\/uploads\/2020\/06\/Baztango-Udako-Jostaldiak-BERTAN-BEHERA-2-169x300.jpg 169w, https:\/\/www.baztan.eus\/wp-content\/uploads\/2020\/06\/Baztango-Udako-Jostaldiak-BERTAN-BEHERA-2-768x1365.jpg 768w, https:\/\/www.baztan.eus\/wp-content\/uploads\/2020\/06\/Baztango-Udako-Jostaldiak-BERTAN-BEHERA-2-576x1024.jpg 576w, https:\/\/www.baztan.eus\/wp-content\/uploads\/2020\/06\/Baztango-Udako-Jostaldiak-BERTAN-BEHERA-2-300x533.jpg 300w\" sizes=\"auto, (max-width: 1688px) 100vw, 1688px\" \/><\/p>\n<p>&nbsp;<\/p>\n<p>&nbsp;<\/p>\n","protected":false},"author":133,"featured_media":0,"template":"","format":"standard","meta":{"_wpml_word_count":["{\"total\":75,\"to_translate\":{\"es\":75}}"],"_qt_imported":["original"],"_qt_links_fixed":["1"],"_edit_lock":["1691575707:4"],"_edit_last":["4"],"subti":[""],"mostrar_barra":["1"],"_wpml_media_featured":["1"],"_wpml_media_duplicate":["1"]},"class_list":["post-21271","noticias","type-noticias","status-publish","format-standard","hentry"],"_links":{"self":[{"href":"https:\/\/www.baztan.eus\/es\/wp-json\/wp\/v2\/noticias\/21271","targetHints":{"allow":["GET"]}}],"collection":[{"href":"https:\/\/www.baztan.eus\/es\/wp-json\/wp\/v2\/noticias"}],"about":[{"href":"https:\/\/www.baztan.eus\/es\/wp-json\/wp\/v2\/types\/noticias"}],"author":[{"embeddable":true,"href":"https:\/\/www.baztan.eus\/es\/wp-json\/wp\/v2\/users\/133"}],"wp:attachment":[{"href":"https:\/\/www.baztan.eus\/es\/wp-json\/wp\/v2\/media?parent=21271"}],"curies":[{"name":"wp","href":"https:\/\/api.w.org\/{rel}","templated":true}]}}