{"id":21276,"date":"2020-04-22T17:59:12","date_gmt":"2020-04-22T15:59:12","guid":{"rendered":"https:\/\/www.baztan.eus\/noticias\/euetxealditik-euskaraldira\/"},"modified":"2023-08-09T10:16:08","modified_gmt":"2023-08-09T10:16:08","slug":"euetxealditik-euskaraldira","status":"publish","type":"noticias","link":"https:\/\/www.baztan.eus\/es\/noticias\/euetxealditik-euskaraldira\/","title":{"rendered":"ETXEALDETIK EUSKARALDIRA (DESDE CASA AL EUSKARALDIA)"},"content":{"rendered":"<p><span style=\"font-weight: 400;\">La propuesta <\/span><i><span style=\"font-weight: 400;\">Etxealdetik Euskraldira <\/span><\/i><span style=\"font-weight: 400;\">tambi\u00e9n ha llegado a Baztan. Esta nueva iniciativa tiene como objetivo influir en los h\u00e1bitos ling\u00fc\u00edsticos del \u00e1mbito dom\u00e9stico. Para ello, propone por un lado reflexionar sobre el idioma que se usa en familia, y por otro, <\/span><b>hablar<\/b> <b>m\u00e1s, con m\u00e1s gente y en m\u00e1s ocasiones <\/b><span style=\"font-weight: 400;\">en euskaera.\u00a0<\/span><\/p>\n<p><!--more--><\/p>\n<p><span style=\"font-weight: 400;\">A pesar de que la segunda edici\u00f3n del Euskaraldia sea del 20 de noviembre al 4 de diciembre, la iniciativa que se ha puesto en marcha esta semana pretende ser para entonces un entrenamiento, una preparaci\u00f3n previa para, posteriormente, comenzar con m\u00e1s fuerza el Euskaraldia en noviembre. As\u00ed pues, han propuesto varios ejercicios para hacer pensar qu\u00e9 idioma habla cada uno en su casa.<\/span><\/p>\n<p><span style=\"font-weight: 400;\">Del 21 al 23 de abril habr\u00e1 jornadas de reflexi\u00f3n y, a continuaci\u00f3n, hasta el 30 de abril se lanzar\u00e1 un v\u00eddeo diario con una propuesta de cambio de h\u00e1bitos ling\u00fc\u00edsticos en casa, con un total de siete propuestas. Para acabar con el proyecto #EtxealdetikEuskaraldira se har\u00e1 una iniciativa unificada el 3 de mayo.<\/span><\/p>\n<p><span style=\"font-weight: 400;\">La organizaci\u00f3n del Euskaraldia quiere animar a la ciudadan\u00eda a participar y para ello han puesto en marcha el hashtag #EtxealdetikEuskaraldira y la cuenta @Euskaraldia. Aqu\u00ed tambi\u00e9n hemos creado nuestro propio hashtag #EtxealdetikEuskaraldiraBaztanen y os animamos a que compart\u00e1is vuestros videos y fotos con nosotros.<\/span><\/p>\n<p><span style=\"font-weight: 400;\">Por otra parte, queremos traer a estas l\u00edneas la reflexi\u00f3n de<\/span>\u00a0<a href=\"http:\/\/www.uema.eus\/2020\/04\/20\/euskararentzat-arnasguneak-ezinbestekoak-diren-bezala-euskaraldia-bezalako-arnasgailuak-ere-beharrezkoak-dira\/\" target=\"_blank\" rel=\"noopener noreferrer\">UEMA<\/a>, <span style=\"font-weight: 400;\">que tambi\u00e9n se ha sumado a la iniciativa.<\/span><\/p>\n<p><span style=\"font-weight: 400;\">Para terminar, un ejercicio tan sencillo como \u00fatil para realizar en casa para comenzar con la iniciativa <\/span><i><span style=\"font-weight: 400;\">Etxealditik Euskaraldia<\/span><\/i><span style=\"font-weight: 400;\">:<\/span><\/p>\n<p><a href=\"https:\/\/www.facebook.com\/euskaraldia\/videos\/525026144835136\/?__tn__=kCH-R&#038;eid=ARAZit_zJXJuOnsO-cAeFaCz3jBoBbRA-4WApGtdy65DNcDKhrPNrfcM7dyoDx9bUu-Nnc_4MIyaFFna&#038;hc_ref=ARTIpNJ6zFHau52VwzEXOJ5gplQ2_Hy9V5eP-Y84f1FiCi7679ksO6p3ioJ-A2y4OTI&#038;fref=nf&#038;__xts__%5B0%5D=68.ARBLVbWCpW1HDfF_DV5jcGieVDD4Dc_MeJLXch4NgdW2lU8CfVRV119sfkvmTdcDdPrbWzePpJlsu0aZcRvCrZAmTGC16msWgnF4QAzng3daVxjTfdViWVA8CotHlen0uKQNlajbXeIbHljvcLT0EJqeboRBjz7Q9HOFs8mUMfSNRfinbQiB4JJmqgYTGFNGAmPtyZ849O49WA9AkkYN8KKUwOmEYtOCEjUzHBLJP8Oy2s4WMMRKXgsCWoeZLGY4sHNesjmz2mSYGEazHz9WWHT7avwqtwIeLemKzBeq74iLVCXPKrTnLAkAvGkYZi9Iy2kBV6Po1luHI2V2_bMm2P9EvWqGPY8sVTU\">https:\/\/www.facebook.com\/euskaraldia\/videos\/525026144835136\/?__tn__=kCH-R&amp;eid=ARAZit_zJXJuOnsO-cAeFaCz3jBoBbRA-4WApGtdy65DNcDKhrPNrfcM7dyoDx9bUu-Nnc_4MIyaFFna&amp;hc_ref=ARTIpNJ6zFHau52VwzEXOJ5gplQ2_Hy9V5eP-Y84f1FiCi7679ksO6p3ioJ-A2y4OTI&amp;fref=nf&amp;__xts__%5B0%5D=68.ARBLVbWCpW1HDfF_DV5jcGieVDD4Dc_MeJLXch4NgdW2lU8CfVRV119sfkvmTdcDdPrbWzePpJlsu0aZcRvCrZAmTGC16msWgnF4QAzng3daVxjTfdViWVA8CotHlen0uKQNlajbXeIbHljvcLT0EJqeboRBjz7Q9HOFs8mUMfSNRfinbQiB4JJmqgYTGFNGAmPtyZ849O49WA9AkkYN8KKUwOmEYtOCEjUzHBLJP8Oy2s4WMMRKXgsCWoeZLGY4sHNesjmz2mSYGEazHz9WWHT7avwqtwIeLemKzBeq74iLVCXPKrTnLAkAvGkYZi9Iy2kBV6Po1luHI2V2_bMm2P9EvWqGPY8sVTU<\/a><\/p>\n","protected":false},"author":133,"featured_media":0,"template":"","format":"standard","meta":{"_wpml_word_count":["{\"total\":176,\"to_translate\":{\"es\":176}}"],"_qt_imported":["original"],"_qt_links_fixed":["1"],"_oembed_22908d5bf12a468d8abc7d2060c3fe80":["{{unknown}}"],"_oembed_430d96e798e05276e385ac03e183247d":["{{unknown}}"],"_edit_lock":["1691576317:4"],"_edit_last":["4"],"subti":[""],"mostrar_barra":["1"],"_wpml_media_featured":["1"],"_wpml_media_duplicate":["1"],"_oembed_28a758e6a158af520cc2ab53c7ea5271":["{{unknown}}"]},"class_list":["post-21276","noticias","type-noticias","status-publish","format-standard","hentry"],"_links":{"self":[{"href":"https:\/\/www.baztan.eus\/es\/wp-json\/wp\/v2\/noticias\/21276","targetHints":{"allow":["GET"]}}],"collection":[{"href":"https:\/\/www.baztan.eus\/es\/wp-json\/wp\/v2\/noticias"}],"about":[{"href":"https:\/\/www.baztan.eus\/es\/wp-json\/wp\/v2\/types\/noticias"}],"author":[{"embeddable":true,"href":"https:\/\/www.baztan.eus\/es\/wp-json\/wp\/v2\/users\/133"}],"wp:attachment":[{"href":"https:\/\/www.baztan.eus\/es\/wp-json\/wp\/v2\/media?parent=21276"}],"curies":[{"name":"wp","href":"https:\/\/api.w.org\/{rel}","templated":true}]}}