{"id":21452,"date":"2023-09-07T08:59:42","date_gmt":"2023-09-07T08:59:42","guid":{"rendered":"https:\/\/www.baztan.eus\/?post_type=noticias&#038;p=21452"},"modified":"2023-09-07T10:39:36","modified_gmt":"2023-09-07T10:39:36","slug":"el-ayuntamiento-de-baztan-celebrara-un-ciclo-de-conferencias-sobre-sexualidades-en-las-diferentes-etapas-vitales","status":"publish","type":"noticias","link":"https:\/\/www.baztan.eus\/es\/noticias\/el-ayuntamiento-de-baztan-celebrara-un-ciclo-de-conferencias-sobre-sexualidades-en-las-diferentes-etapas-vitales\/","title":{"rendered":"EL AYUNTAMIENTO DE BAZTAN CELEBRAR\u00c1 UN CICLO DE CONFERENCIAS SOBRE SEXUALIDADES EN LAS DIFERENTES ETAPAS VITALES"},"content":{"rendered":"<p>La educaci\u00f3n afectivo-sexual de los hijos e hijas comienza de un modo imperceptible y no intencional desde los primeros a\u00f1os de vida. Es por eso que el acompa\u00f1amiento a las familias y profesionales del sistema educativo con informaci\u00f3n, asesoramiento y formaci\u00f3n para el desarrollo y crecimiento afectivo-sexual de las ni\u00f1as, ni\u00f1os, adolescentes y j\u00f3venes es imprescindible.<\/p>\n<p>Si pretendemos construir una sociedad en la que hombres* y mujeres* podamos convivir en igualdad y sin discriminaciones, es imprescindible proporcionar a nuestras hijas e hijos, a nuestro alumnado una educaci\u00f3n afectiva y sexual de calidad.<\/p>\n<p>As\u00ed, la informaci\u00f3n y formaci\u00f3n a quienes comparten espacios con nuestras hijas e hijos y con nuestra juventud, puede ayudar a mejorar sus actitudes respecto a su salud sexual y reproductiva y a ampliar sus conocimientos y sus capacidades de acompa\u00f1amiento pero, adem\u00e1s, contribuye a la prevenci\u00f3n y reducci\u00f3n de la violencia sexual y de g\u00e9nero y la discriminaci\u00f3n de g\u00e9nero.<\/p>\n<p>Adem\u00e1s, con el auge de las nuevas tecnolog\u00edas, la falta de educaci\u00f3n sexual en el curr\u00edculo educativo y las desigualdades de g\u00e9nero todav\u00eda existentes, son m\u00e1s que nunca necesarios recursos que contribuyan a una educaci\u00f3n afectivo-sexual sana.<\/p>\n<p>En esta l\u00ednea, <strong>los Servicios Sociales de Baztan-Urdazubi-Zugarramurdi en colaboraci\u00f3n con el Servicio de Igualdad del Ayuntamiento de Baztan queremos invitar a familias, madres y padres, y a las y los profesionales del sistema educativo formal y no formal al siguiente ciclo de conferencias<\/strong>, que ser\u00e1n impartidas por BerHezi.<\/p>\n<p>Se analizar\u00e1 la sexualidad en diferentes etapas vitales y se proporcionar\u00e1n herramientas para acompa\u00f1ar la sexualidad de nuestras ni\u00f1as, ni\u00f1os, adolescentes y j\u00f3venes.<\/p>\n<p><a href=\"https:\/\/www.baztan.eus\/es\/noticias\/el-ayuntamiento-de-baztan-celebrara-un-ciclo-de-conferencias-sobre-sexualidades-en-las-diferentes-etapas-vitales\/sexualitatea-hitzaldi-zikloa-kartel-definitiboa\/\" target=\"_blank\" rel=\"noopener\"><img loading=\"lazy\" decoding=\"async\" class=\"aligncenter wp-image-21451 size-full\" src=\"https:\/\/www.baztan.eus\/wp-content\/uploads\/2023\/09\/Sexualitatea-hitzaldi-zikloa-kartel-definitiboa-e1694083055354.jpg\" alt=\"\" width=\"400\" height=\"566\" srcset=\"https:\/\/www.baztan.eus\/wp-content\/uploads\/2023\/09\/Sexualitatea-hitzaldi-zikloa-kartel-definitiboa-e1694083055354.jpg 400w, https:\/\/www.baztan.eus\/wp-content\/uploads\/2023\/09\/Sexualitatea-hitzaldi-zikloa-kartel-definitiboa-e1694083055354-212x300.jpg 212w, https:\/\/www.baztan.eus\/wp-content\/uploads\/2023\/09\/Sexualitatea-hitzaldi-zikloa-kartel-definitiboa-e1694083055354-300x425.jpg 300w, https:\/\/www.baztan.eus\/wp-content\/uploads\/2023\/09\/Sexualitatea-hitzaldi-zikloa-kartel-definitiboa-e1694083055354-81x115.jpg 81w\" sizes=\"auto, (max-width: 400px) 100vw, 400px\" \/><\/a><\/p>\n<p>(Todas las charlas se realizar\u00e1n en euskera)<\/p>\n","protected":false},"author":3,"featured_media":21451,"template":"","format":"standard","meta":{"_edit_lock":["1694083110:3"],"_wpml_word_count":["{\"total\":201,\"to_translate\":{\"es\":201}}"],"_wpml_media_featured":["1"],"_wpml_media_duplicate":["1"],"imagenslia":[""],"subti":["Los Servicios Sociales de Baztan-Urdazubi-Zugarramurdi en colaboraci\u00f3n con el Servicio de Igualdad del Ayuntamiento de Baztan queremos invitar a familias, madres y padres, y a las y los profesionales del sistema educativo formal y no formal al siguiente ciclo de conferencias"],"barra":["general"],"mostrar_barra":["1"],"_edit_last":["3"],"_thumbnail_id":["21451"]},"class_list":["post-21452","noticias","type-noticias","status-publish","format-standard","has-post-thumbnail","hentry","categorianoticias-actualidad","categorianoticias-zerbitzuak-es"],"_links":{"self":[{"href":"https:\/\/www.baztan.eus\/es\/wp-json\/wp\/v2\/noticias\/21452","targetHints":{"allow":["GET"]}}],"collection":[{"href":"https:\/\/www.baztan.eus\/es\/wp-json\/wp\/v2\/noticias"}],"about":[{"href":"https:\/\/www.baztan.eus\/es\/wp-json\/wp\/v2\/types\/noticias"}],"author":[{"embeddable":true,"href":"https:\/\/www.baztan.eus\/es\/wp-json\/wp\/v2\/users\/3"}],"wp:featuredmedia":[{"embeddable":true,"href":"https:\/\/www.baztan.eus\/es\/wp-json\/wp\/v2\/media\/21451"}],"wp:attachment":[{"href":"https:\/\/www.baztan.eus\/es\/wp-json\/wp\/v2\/media?parent=21452"}],"curies":[{"name":"wp","href":"https:\/\/api.w.org\/{rel}","templated":true}]}}