{"id":22279,"date":"2024-01-25T14:38:32","date_gmt":"2024-01-25T14:38:32","guid":{"rendered":"https:\/\/www.baztan.eus\/?post_type=noticias&#038;p=22279"},"modified":"2024-01-25T14:40:32","modified_gmt":"2024-01-25T14:40:32","slug":"el-servicio-social-de-base-y-el-servicio-de-igualdad-del-ayuntamiento-de-baztan-ponen-en-marcha-una-campana-para-visibilizar-la-situacion-de-las-empleadas-de-hogar-y-cuidados-y-sensibilizar-sobre-sus","status":"publish","type":"noticias","link":"https:\/\/www.baztan.eus\/es\/noticias\/el-servicio-social-de-base-y-el-servicio-de-igualdad-del-ayuntamiento-de-baztan-ponen-en-marcha-una-campana-para-visibilizar-la-situacion-de-las-empleadas-de-hogar-y-cuidados-y-sensibilizar-sobre-sus\/","title":{"rendered":"Campa\u00f1a LOS CUIDADOS EN EL CENTRO para visibilizar la situaci\u00f3n de las empleadas de hogar y cuidados y sensibilizar sobre sus derechos laborales"},"content":{"rendered":"<p><a href=\"https:\/\/www.baztan.eus\/wp-content\/uploads\/2024\/01\/0-Portada-3.jpeg\" target=\"_blank\" rel=\"noopener\"><img loading=\"lazy\" decoding=\"async\" class=\"alignleft wp-image-22226 size-medium\" src=\"https:\/\/www.baztan.eus\/wp-content\/uploads\/2024\/01\/0-Portada-3-300x300.jpeg\" alt=\"\" width=\"300\" height=\"300\" \/><\/a><\/p>\n<p>En el marco de la defensa de los derechos laborales y la equidad de g\u00e9nero, Servicios Sociales de Base y el Servicio de Igualdad de Baztan lanzan la campa\u00f1a LOS CUIDADOS EN EL CENTRO para visibilizar las condiciones laborales de las empleadas de hogar y cuidados, un sector esencial, pero a menudo marginado. Con esta campa\u00f1a quieren reconocer y aprovechar todo el trabajo realizado para llegar a la huelga de cuidados promovida por el movimiento feminista el 30 de noviembre de 2023, para seguir sensibilizando e informando a la sociedad baztanesa.<\/p>\n<p>Dicha acci\u00f3n recogida en el Plan de Igualdad del Ayuntamiento de Baztan constar\u00e1 de dos partes. La primera parte consistir\u00e1 en concienciar a las personas en qu\u00e9 es el cuidado y lo que supone, y la segunda parte, sensibilizar sobre los derechos y condiciones que tienen las trabajadoras de hogar y cuidados. La campa\u00f1a comenzar\u00e1 a finales de enero de 2024 y se ir\u00e1 actualizando semanalmente mediante distintas im\u00e1genes y mensajes que constar\u00e1n de imagen y mensaje. Asimismo, disponemos de una p\u00e1gina web donde se encontrar\u00e1 informaci\u00f3n sobre la campa\u00f1a y otros materiales de inter\u00e9s: <a href=\"https:\/\/labur.eus\/24EVl\">https:\/\/labur.eus\/24EVl<\/a><\/p>\n<p>Todas las personas necesitamos cuidados a lo largo de la vida: en la infancia, en la vejez, en la enfermedad, en el duelo emocional o en la debilidad material el cuidado aumenta, por lo que debemos ser atendidas\/os o tendremos que atender a otras personas en cualquier momento de la vida.<\/p>\n<p>En la vida cotidiana, el cuidado se despliega en tres elementos fundamentales: las tareas dom\u00e9sticas, el cuidado de las personas dependientes y la carga mental.<\/p>\n<ul>\n<li><u>Trabajo dom\u00e9stico<\/u>: Cimiento invisible que sostiene nuestras casas. Estos trabajos permiten el funcionamiento de todos los dem\u00e1s aspectos de la vida.<\/li>\n<li><u>El cuidado de las personas dependientes<\/u>: El cuidado de las personas m\u00e1s vulnerables, ya sean ni\u00f1os y ni\u00f1as, personas mayores o con necesidades especiales, es una tarea valiente y fundamental que merece todo nuestro reconocimiento y apoyo.<\/li>\n<li><u>Carga mental<\/u>: Coordinaci\u00f3n invisible que cae sobre los hombros de quienes la cuidan, generalmente mujeres. El recuerdo de las citas, la planificaci\u00f3n de las comidas y la organizaci\u00f3n de la vida cotidiana son aspectos de la carga mental y en muchos son trabajos invisibles, pero que tienen un gran impacto en el bienestar emocional, en el descanso y, en definitiva, en la calidad de vida.<\/li>\n<\/ul>\n<p>SITUACI\u00d3N ACTUAL: UNA MIRADA A LAS EMPLEADAS DE HOGAR Y CUIDADOS<\/p>\n<p>Las empleadas de hogar y cuidados desempe\u00f1an un papel crucial en nuestra sociedad, brindando servicios esenciales que permiten a muchas familias conciliar sus responsabilidades laborales y personales. Sin embargo, a pesar de su contribuci\u00f3n invaluable, a menudo enfrentan condiciones laborales precarias, salarios bajos y una falta de reconocimiento adecuado. La invisibilidad de su trabajo y la ausencia de regulaciones adecuadas contribuyen a perpetuar desigualdades e injusticias en este sector fundamental.<\/p>\n<p>El trabajo dom\u00e9stico y de cuidados no siempre se reconoce como un empleo valioso, lo que lleva a la falta de valoraci\u00f3n social y econ\u00f3mica de quienes lo desempe\u00f1an. Muchas empleadas de hogar carecen de contratos laborales formales, lo que las deja vulnerables a la explotaci\u00f3n y dificulta el acceso a beneficios laborales b\u00e1sicos. Adem\u00e1s, a menudo, las trabajadoras de este sector reciben salarios muy por debajo de los est\u00e1ndares m\u00ednimos, lo que contribuye a la desigualdad econ\u00f3mica y al riesgo de pobreza. La ausencia de una regulaci\u00f3n laboral espec\u00edfica para este sector deja a las empleadas de hogar desprotegidas frente a abusos, discriminaci\u00f3n y violencia.<\/p>\n<p>Con el lanzamiento de esta campa\u00f1a, se busca concienciar a la sociedad sobre la importancia de mejorar las condiciones laborales de las empleadas de hogar y cuidados, una responsabilidad de toda la sociedad. Por ello, \u00fanete a nuestra campa\u00f1a para crear conciencia sobre la importancia de valorar y reconocer a las empleadas de hogar y cuidados. Comparte estas im\u00e1genes y mensajes, comenta la campa\u00f1a con las personas de tu entorno, promovamos la igualdad y aboguemos por derechos laborales justos.<\/p>\n","protected":false},"author":3,"featured_media":22226,"template":"","format":"standard","meta":{"_wpml_word_count":["{\"total\":487,\"to_translate\":{\"es\":487}}"],"_wpml_media_featured":["1"],"_wpml_media_duplicate":["1"],"imagenslia":[""],"subti":["En el marco de la defensa de los derechos laborales y la equidad de g\u00e9nero, Servicios Sociales de Base y el Servicio de Igualdad de Baztan lanzan la campa\u00f1a LOS CUIDADOS EN EL CENTRO para visibilizar las condiciones laborales de las empleadas de hogar y cuidados, un sector esencial, pero a menudo marginado. Con esta campa\u00f1a quieren reconocer y aprovechar todo el trabajo realizado para llegar a la huelga de cuidados promovida por el movimiento feminista el 30 de noviembre de 2023, para seguir sensibilizando e informando a la sociedad baztanesa."],"barra":["general"],"mostrar_barra":["1"],"_edit_lock":["1706193510:3"],"_edit_last":["3"],"_thumbnail_id":["22226"]},"class_list":["post-22279","noticias","type-noticias","status-publish","format-standard","has-post-thumbnail","hentry","categorianoticias-actualidad","categorianoticias-zerbitzuak-es"],"_links":{"self":[{"href":"https:\/\/www.baztan.eus\/es\/wp-json\/wp\/v2\/noticias\/22279","targetHints":{"allow":["GET"]}}],"collection":[{"href":"https:\/\/www.baztan.eus\/es\/wp-json\/wp\/v2\/noticias"}],"about":[{"href":"https:\/\/www.baztan.eus\/es\/wp-json\/wp\/v2\/types\/noticias"}],"author":[{"embeddable":true,"href":"https:\/\/www.baztan.eus\/es\/wp-json\/wp\/v2\/users\/3"}],"wp:featuredmedia":[{"embeddable":true,"href":"https:\/\/www.baztan.eus\/es\/wp-json\/wp\/v2\/media\/22226"}],"wp:attachment":[{"href":"https:\/\/www.baztan.eus\/es\/wp-json\/wp\/v2\/media?parent=22279"}],"curies":[{"name":"wp","href":"https:\/\/api.w.org\/{rel}","templated":true}]}}