{"id":23079,"date":"2024-06-20T11:40:59","date_gmt":"2024-06-20T11:40:59","guid":{"rendered":"https:\/\/www.baztan.eus\/?post_type=noticias&#038;p=23079"},"modified":"2024-06-20T12:02:58","modified_gmt":"2024-06-20T12:02:58","slug":"baztanen-gizarte-arloko-proiektuak-eta-jarduerak-burutzen-dituzten-irabazi-asmorik-gabeko-talde-kolektibo-eta-elkarteei-diru-laguntzak-emateko-oinarriak-2024-urtea","status":"publish","type":"noticias","link":"https:\/\/www.baztan.eus\/es\/noticias\/baztanen-gizarte-arloko-proiektuak-eta-jarduerak-burutzen-dituzten-irabazi-asmorik-gabeko-talde-kolektibo-eta-elkarteei-diru-laguntzak-emateko-oinarriak-2024-urtea\/","title":{"rendered":"Convocatoria de subvenciones a grupos, colectivos y asociaciones sin \u00e1nimo de lucro que desarrollen proyectos y actividades sociales en Baztan. A\u00f1o 2024."},"content":{"rendered":"<p>Convocatoria de subvenciones a grupos, colectivos y asociaciones sin \u00e1nimo de lucro que desarrollen proyectos y actividades sociales en Baztan. A\u00f1o 2024.<\/p>\n<p><a href=\"https:\/\/www.baztan.eus\/wp-content\/uploads\/2024\/06\/2024-DIRULAGUNTZA-OINARRIAK-BASES-CONCESION-SUBVENCION.pdf\" class=\"mtli_attachment mtli_pdf\">2024 DIRULAGUNTZA OINARRIAK &#8211; BASES CONCESI\u00d3N SUBVENCION<\/a><\/p>\n<p><a href=\"https:\/\/bon.navarra.es\/es\/anuncio\/-\/texto\/2024\/127\/40\">Iragarkia &#8211; Nafarroako Aldizkari Ofiziala (navarra.es)<\/a><\/p>\n","protected":false},"author":43,"featured_media":0,"template":"","format":"standard","meta":{"_wpml_word_count":["{\"total\":77,\"to_translate\":{\"eu\":77}}"],"_edit_lock":["1718885115:43"],"_edit_last":["43"],"_exactmetrics_sitenote_active":["0"],"imagenslia":[""],"subti":[""],"barra":["general"],"mostrar_barra":["1"]},"class_list":["post-23079","noticias","type-noticias","status-publish","format-standard","hentry","categorianoticias-convocatorias-ayudas"],"_links":{"self":[{"href":"https:\/\/www.baztan.eus\/es\/wp-json\/wp\/v2\/noticias\/23079","targetHints":{"allow":["GET"]}}],"collection":[{"href":"https:\/\/www.baztan.eus\/es\/wp-json\/wp\/v2\/noticias"}],"about":[{"href":"https:\/\/www.baztan.eus\/es\/wp-json\/wp\/v2\/types\/noticias"}],"author":[{"embeddable":true,"href":"https:\/\/www.baztan.eus\/es\/wp-json\/wp\/v2\/users\/43"}],"wp:attachment":[{"href":"https:\/\/www.baztan.eus\/es\/wp-json\/wp\/v2\/media?parent=23079"}],"curies":[{"name":"wp","href":"https:\/\/api.w.org\/{rel}","templated":true}]}}