{"id":23110,"date":"2024-06-28T12:02:06","date_gmt":"2024-06-28T12:02:06","guid":{"rendered":"https:\/\/www.baztan.eus\/?post_type=noticias&#038;p=23110"},"modified":"2024-06-28T12:02:06","modified_gmt":"2024-06-28T12:02:06","slug":"harrotasunaren-eguna-baztanen","status":"publish","type":"noticias","link":"https:\/\/www.baztan.eus\/es\/noticias\/harrotasunaren-eguna-baztanen\/","title":{"rendered":"El Ayuntamiento de Baztan aprueba por unanimidad la declaraci\u00f3n institucional del D\u00eda Internacional del Orgullo LGTBIQ+"},"content":{"rendered":"<h2>Declaraci\u00f3n institucional aprobada en pleno, presentada por EH Bildu:<\/h2>\n<p>\u00ab<em><a href=\"https:\/\/www.baztan.eus\/wp-content\/uploads\/2024\/06\/2023-E28-banerra-ARGIA.jpg\" target=\"_blank\" rel=\"noopener\"><img loading=\"lazy\" decoding=\"async\" class=\"alignleft wp-image-23107\" src=\"https:\/\/www.baztan.eus\/wp-content\/uploads\/2024\/06\/2023-E28-banerra-ARGIA-300x89.jpg\" alt=\"\" width=\"394\" height=\"117\" srcset=\"https:\/\/www.baztan.eus\/wp-content\/uploads\/2024\/06\/2023-E28-banerra-ARGIA-300x89.jpg 300w, https:\/\/www.baztan.eus\/wp-content\/uploads\/2024\/06\/2023-E28-banerra-ARGIA-1024x303.jpg 1024w, https:\/\/www.baztan.eus\/wp-content\/uploads\/2024\/06\/2023-E28-banerra-ARGIA-768x227.jpg 768w, https:\/\/www.baztan.eus\/wp-content\/uploads\/2024\/06\/2023-E28-banerra-ARGIA-1536x454.jpg 1536w, https:\/\/www.baztan.eus\/wp-content\/uploads\/2024\/06\/2023-E28-banerra-ARGIA-2048x606.jpg 2048w, https:\/\/www.baztan.eus\/wp-content\/uploads\/2024\/06\/2023-E28-banerra-ARGIA-255x75.jpg 255w\" sizes=\"auto, (max-width: 394px) 100vw, 394px\" \/><\/a>Queremos reivindicar nuestro orgullo el 28 de junio, d\u00eda del orgullo LGTBIQ+. Estamos orgullosas de nuestras vidas, orgullosas de nuestra genealog\u00eda y orgullosas del movimiento LGTBIQ+.<\/em><\/p>\n<p><em>Ahora que tanto los diferentes intentos de estigmatizaci\u00f3n de los principales medios de comunicaci\u00f3n como la manipulaci\u00f3n, los discursos intolerantes de extrema derecha y las actitudes de odio pretenden borrar las vidas que se sit\u00faan fuera del cisheteronorma, es m\u00e1s importante que nunca recordar, celebrar y proclamar de d\u00f3nde venimos. De Stonewall a Euskal Herria, hemos tenido miles de vivencias, p\u00e9rdidas, reivindicaciones y logros, pero todav\u00eda nos queda mucho por hacer. Los datos de denuncias de agresiones LGTBIQ+ f\u00f3bicas han aumentado exponencialmente en los \u00faltimos a\u00f1os, la invisibilizaci\u00f3n y exclusi\u00f3n de las personas LGTBIQ+ sigue presente en todos los \u00e1mbitos de nuestra vida, proliferan los discursos patologizadores&#8230; lo que hace que nuestras vidas est\u00e9n en peligro. <\/em><\/p>\n<p><em>Ante todo esto, organizamos y luchar es imprescindible. En nuestro caso, desde las instituciones es imprescindible establecer pol\u00edticas p\u00fablicas integrales y s\u00f3lidas, servicios basados en la perspectiva feminista, cauces para establecer mecanismos de protecci\u00f3n colectiva y autodefensa&#8230; Es hora de dejar de lado pol\u00edticas que son anecd\u00f3ticas y poner en el centro a esas que son estructurales. Estamos en ello y vamos a seguir foment\u00e1ndolo entre muchas y colaborando.<\/em><\/p>\n<p><em>Por todo ello, desde los ayuntamientos nos comprometemos a realizar diagn\u00f3sticos sobre las idas de las personas LGTBIQ+ en nuestro municipio y a poner en marcha planes de acci\u00f3n integrales basados en ellos. Nos comprometemos a realizar estos procesos junto con los miembros del movimiento LGTBIQ+ del pueblo y, en caso de no haber, fomentaremos formas de activar diferentes referentes e individuos.<\/em><\/p>\n<p><em>Adem\u00e1s, hacemos un llamamiento a participar en las iniciativas y movilizaciones que se han organizado en torno al 28 de Junio, y para finalizar, queremos felicitar a todos los colectivos y miembros que est\u00e1n trabajando y luchando para que las vidas de las personas LGTBIQ+ sean estimulantes en el d\u00eda a d\u00eda, porque conformamos un movimiento que nos enorgullece.<\/em><\/p>\n<p><em>Gora Ekainaren 28a!<\/em>\u00bb<\/p>\n<h2>Por la tarde, a las 20:00 horas, HARRO Baztan convoca a la ciudadan\u00eda a concentrarse en Erratzu bajo el lema \u00abGURE KOLORE EZ DIRA ZURITZEKO\u00bb:<\/h2>\n<p><a href=\"https:\/\/www.baztan.eus\/wp-content\/uploads\/2024\/06\/HARRO-Baztan_deialdia.jpeg\" target=\"_blank\" rel=\"noopener\"><img loading=\"lazy\" decoding=\"async\" class=\"aligncenter wp-image-23106 size-large\" src=\"https:\/\/www.baztan.eus\/wp-content\/uploads\/2024\/06\/HARRO-Baztan_deialdia-819x1024.jpeg\" alt=\"\" width=\"819\" height=\"1024\" srcset=\"https:\/\/www.baztan.eus\/wp-content\/uploads\/2024\/06\/HARRO-Baztan_deialdia-819x1024.jpeg 819w, https:\/\/www.baztan.eus\/wp-content\/uploads\/2024\/06\/HARRO-Baztan_deialdia-240x300.jpeg 240w, https:\/\/www.baztan.eus\/wp-content\/uploads\/2024\/06\/HARRO-Baztan_deialdia-768x960.jpeg 768w, https:\/\/www.baztan.eus\/wp-content\/uploads\/2024\/06\/HARRO-Baztan_deialdia-92x115.jpeg 92w, https:\/\/www.baztan.eus\/wp-content\/uploads\/2024\/06\/HARRO-Baztan_deialdia.jpeg 1080w\" sizes=\"auto, (max-width: 819px) 100vw, 819px\" \/><\/a><\/p>\n","protected":false},"author":3,"featured_media":23112,"template":"","format":"standard","meta":{"_edit_lock":["1719576043:3"],"_wpml_word_count":["{\"total\":286,\"to_translate\":{\"es\":286}}"],"imagenslia":[""],"subti":["Queremos reivindicar nuestro orgullo el 28 de junio, d\u00eda del orgullo LGTBIQ+. Estamos orgullosas de nuestras vidas, orgullosas de nuestra genealog\u00eda y orgullosas del movimiento LGTBIQ+"],"barra":["general"],"mostrar_barra":["1"],"_edit_last":["3"],"_thumbnail_id":["23112"],"_exactmetrics_sitenote_active":["0"]},"class_list":["post-23110","noticias","type-noticias","status-publish","format-standard","has-post-thumbnail","hentry","categorianoticias-actualidad","categorianoticias-zerbitzuak-es"],"_links":{"self":[{"href":"https:\/\/www.baztan.eus\/es\/wp-json\/wp\/v2\/noticias\/23110","targetHints":{"allow":["GET"]}}],"collection":[{"href":"https:\/\/www.baztan.eus\/es\/wp-json\/wp\/v2\/noticias"}],"about":[{"href":"https:\/\/www.baztan.eus\/es\/wp-json\/wp\/v2\/types\/noticias"}],"author":[{"embeddable":true,"href":"https:\/\/www.baztan.eus\/es\/wp-json\/wp\/v2\/users\/3"}],"wp:featuredmedia":[{"embeddable":true,"href":"https:\/\/www.baztan.eus\/es\/wp-json\/wp\/v2\/media\/23112"}],"wp:attachment":[{"href":"https:\/\/www.baztan.eus\/es\/wp-json\/wp\/v2\/media?parent=23110"}],"curies":[{"name":"wp","href":"https:\/\/api.w.org\/{rel}","templated":true}]}}