{"id":23493,"date":"2024-10-01T06:21:45","date_gmt":"2024-10-01T06:21:45","guid":{"rendered":"https:\/\/www.baztan.eus\/?post_type=noticias&#038;p=23493"},"modified":"2024-10-01T08:31:17","modified_gmt":"2024-10-01T08:31:17","slug":"15-de-octubre-dia-internacional-de-las-mujeres-rurales-rurales-y-sin-complejos","status":"publish","type":"noticias","link":"https:\/\/www.baztan.eus\/es\/noticias\/15-de-octubre-dia-internacional-de-las-mujeres-rurales-rurales-y-sin-complejos\/","title":{"rendered":"15 DE OCTUBRE, D\u00cdA INTERNACIONAL DE LAS MUJERES RURALES: RURALES Y SIN COMPLEJOS"},"content":{"rendered":"<h2><strong><u>15 DE OCTUBRE, D\u00cdA INTERNACIONAL DE LAS MUJERES RURALES:\u00a0<\/u><\/strong><strong><em><u>RURALES Y SIN COMPLEJOS<\/u><\/em><\/strong><\/h2>\n<p><a href=\"https:\/\/www.baztan.eus\/wp-content\/uploads\/2024\/10\/15O_EUS-CAS_A3-jpg-scaled.jpg\" target=\"_blank\" rel=\"noopener\"><img loading=\"lazy\" decoding=\"async\" class=\"wp-image-23491 alignright\" src=\"https:\/\/www.baztan.eus\/wp-content\/uploads\/2024\/10\/15O_EUS-CAS_A3-jpg-740x1024.jpg\" alt=\"\" width=\"455\" height=\"630\" srcset=\"https:\/\/www.baztan.eus\/wp-content\/uploads\/2024\/10\/15O_EUS-CAS_A3-jpg-740x1024.jpg 740w, https:\/\/www.baztan.eus\/wp-content\/uploads\/2024\/10\/15O_EUS-CAS_A3-jpg-217x300.jpg 217w, https:\/\/www.baztan.eus\/wp-content\/uploads\/2024\/10\/15O_EUS-CAS_A3-jpg-768x1063.jpg 768w, https:\/\/www.baztan.eus\/wp-content\/uploads\/2024\/10\/15O_EUS-CAS_A3-jpg-1110x1536.jpg 1110w, https:\/\/www.baztan.eus\/wp-content\/uploads\/2024\/10\/15O_EUS-CAS_A3-jpg-1480x2048.jpg 1480w, https:\/\/www.baztan.eus\/wp-content\/uploads\/2024\/10\/15O_EUS-CAS_A3-jpg-83x115.jpg 83w, https:\/\/www.baztan.eus\/wp-content\/uploads\/2024\/10\/15O_EUS-CAS_A3-jpg-scaled.jpg 1850w\" sizes=\"auto, (max-width: 455px) 100vw, 455px\" \/><\/a><\/p>\n<p>Un a\u00f1o m\u00e1s, las Entidades Locales y Territoriales de Navarra con personal t\u00e9cnico de Igualdad nos sumamos a la celebraci\u00f3n del <strong><u>D\u00eda Internacional de las Mujeres Rurales<\/u><\/strong>, bajo el lema <strong>\u201c<em>Rurales y sin complejos \/ Landa eremukoak konplexurik gabe<\/em>\u201d <\/strong>para reconocer la contribuci\u00f3n decisiva de las mujeres en el desarrollo rural.<\/p>\n<p>Esta fecha reivindica y conmemora la lucha de las mujeres en el medio rural por alcanzar la igualdad en la sociedad y con ella, se pretende rendir un merecido homenaje a las mujeres rurales reconociendo su papel estrat\u00e9gico en el desarrollo econ\u00f3mico, social y sostenible y en la fijaci\u00f3n de la poblaci\u00f3n en los municipios rurales.<\/p>\n<p>Ellas son agricultoras o ganaderas, tambi\u00e9n empresarias, emprendedoras, artistas, deportistas, cuidadoras, pol\u00edticas\u2026 Esta diversidad refleja el papel multifac\u00e9tico y vital que desempe\u00f1an en el desarrollo de sus comunidades. Por ejemplo, la participaci\u00f3n pol\u00edtica de las mujeres representa un 32% de las alcald\u00edas y presidencias de concejos, un 7,5%, m\u00e1s que la media estatal. Adem\u00e1s, las mujeres navarras lideran el emprendimiento rural: dos de<a href=\"https:\/\/www.noticiasdenavarra.com\/economia\/2023\/10\/19\/mujeres-lideran-emprendimiento-rural-navarra-7403488.html\"> cada tres emprendedoras rurales en Navarra son mujeres<\/a>.<\/p>\n<p>Por \u00faltimo, datos recientes indican que casi el doble de mujeres tiene m\u00e1s titulaciones superiores que los hombres, presentando una tasa de 52,7% con estudios universitarios, mientras que los hombres suponen un 45,3%.<\/p>\n<p>En este contexto, se est\u00e1 desarrollando el borrador de <u>Ley Foral de Desarrollo Rural<\/u> que contempla la incorporaci\u00f3n del <u>Estatuto de las Mujeres Rurales<\/u>, como un aspecto fundamental para reconocer y fortalecer el papel de las mujeres en el medio rural navarro.<\/p>\n<p>Esta normativa supone una oportunidad y una garant\u00eda para promover la igualdad de trato y oportunidades, con incentivos que favorezcan la presencia de mujeres en todos los sectores, potenciar el talento y la capacidad de innovaci\u00f3n de las mujeres rurales, mejorar la capacitaci\u00f3n y la formaci\u00f3n feminista en los territorios. Asimismo, resulta clave para acabar con las violencias simb\u00f3licas, entretejidas en el discurso, en las ideas y las representaciones inadecuadas de las mujeres rurales donde se las asocia con los roles tradicionalmente asignados.<\/p>\n<p>Por todo ello, las Entidades Locales y Territoriales de Navarra conmemoramos un a\u00f1o m\u00e1s este 15 de octubre, con el compromiso firme de trabajar pol\u00edticas p\u00fablicas de igualdad activas, transversales e interseccionales. Es fundamental situar a las mujeres rurales en una posici\u00f3n de igualdad real, considerando la diversidad y las circunstancias espec\u00edficas a la hora de desarrollarse personal y profesionalmente para mejorar sus condiciones de vida.<\/p>\n<p>&nbsp;<\/p>\n<h2>VER EL VIDEO AQU\u00cd:<\/h2>\n<div style=\"width: 720px;\" class=\"wp-video\"><!--[if lt IE 9]><script>document.createElement('video');<\/script><![endif]-->\n<video class=\"wp-video-shortcode\" id=\"video-23493-1\" width=\"720\" height=\"1520\" poster=\"https:\/\/www.baztan.eus\/wp-content\/uploads\/2024\/10\/15O_EUSKERA_A3-jpg-scaled.jpg\" loop preload=\"metadata\" controls=\"controls\"><source type=\"video\/mp4\" src=\"https:\/\/www.baztan.eus\/wp-content\/uploads\/2024\/10\/VIDEO_SOMOS_RURALES_RRSS-vertical.mp4?_=1\" \/><a href=\"https:\/\/www.baztan.eus\/wp-content\/uploads\/2024\/10\/VIDEO_SOMOS_RURALES_RRSS-vertical.mp4\">https:\/\/www.baztan.eus\/wp-content\/uploads\/2024\/10\/VIDEO_SOMOS_RURALES_RRSS-vertical.mp4<\/a><\/video><\/div>\n<h2>Actividades organizadas en Baztan:<\/h2>\n<p><a href=\"https:\/\/www.baztan.eus\/wp-content\/uploads\/2024\/08\/U15-ekintzen-kartela.jpg\" target=\"_blank\" rel=\"noopener\"><img loading=\"lazy\" decoding=\"async\" class=\"aligncenter wp-image-23500 size-full\" src=\"https:\/\/www.baztan.eus\/wp-content\/uploads\/2024\/08\/U15-ekintzen-kartela.jpg\" alt=\"\" width=\"1587\" height=\"2245\" srcset=\"https:\/\/www.baztan.eus\/wp-content\/uploads\/2024\/08\/U15-ekintzen-kartela.jpg 1587w, https:\/\/www.baztan.eus\/wp-content\/uploads\/2024\/08\/U15-ekintzen-kartela-212x300.jpg 212w, https:\/\/www.baztan.eus\/wp-content\/uploads\/2024\/08\/U15-ekintzen-kartela-724x1024.jpg 724w, https:\/\/www.baztan.eus\/wp-content\/uploads\/2024\/08\/U15-ekintzen-kartela-768x1086.jpg 768w, https:\/\/www.baztan.eus\/wp-content\/uploads\/2024\/08\/U15-ekintzen-kartela-1086x1536.jpg 1086w, https:\/\/www.baztan.eus\/wp-content\/uploads\/2024\/08\/U15-ekintzen-kartela-1448x2048.jpg 1448w, https:\/\/www.baztan.eus\/wp-content\/uploads\/2024\/08\/U15-ekintzen-kartela-81x115.jpg 81w\" sizes=\"auto, (max-width: 1587px) 100vw, 1587px\" \/><\/a><\/p>\n","protected":false},"author":3,"featured_media":23494,"template":"","format":"standard","meta":{"_wpml_word_count":["{\"total\":316,\"to_translate\":{\"es\":316}}"],"imagenslia":[""],"subti":["Un a\u00f1o m\u00e1s, el Ayuntamiento de Baztan ha aprobado por unanimidad la declaraci\u00f3n institucional del D\u00eda Internacional de las Mujeres Rurales en su sesi\u00f3n plenaria del 26 de septiembre"],"barra":["general"],"mostrar_barra":["1"],"_edit_lock":["1758881630:3"],"_edit_last":["3"],"_thumbnail_id":["23494"],"_exactmetrics_sitenote_active":["0"]},"class_list":["post-23493","noticias","type-noticias","status-publish","format-standard","has-post-thumbnail","hentry","categorianoticias-actualidad","categorianoticias-zerbitzuak-es"],"_links":{"self":[{"href":"https:\/\/www.baztan.eus\/es\/wp-json\/wp\/v2\/noticias\/23493","targetHints":{"allow":["GET"]}}],"collection":[{"href":"https:\/\/www.baztan.eus\/es\/wp-json\/wp\/v2\/noticias"}],"about":[{"href":"https:\/\/www.baztan.eus\/es\/wp-json\/wp\/v2\/types\/noticias"}],"author":[{"embeddable":true,"href":"https:\/\/www.baztan.eus\/es\/wp-json\/wp\/v2\/users\/3"}],"wp:featuredmedia":[{"embeddable":true,"href":"https:\/\/www.baztan.eus\/es\/wp-json\/wp\/v2\/media\/23494"}],"wp:attachment":[{"href":"https:\/\/www.baztan.eus\/es\/wp-json\/wp\/v2\/media?parent=23493"}],"curies":[{"name":"wp","href":"https:\/\/api.w.org\/{rel}","templated":true}]}}