{"id":23571,"date":"2024-10-21T12:51:50","date_gmt":"2024-10-21T12:51:50","guid":{"rendered":"https:\/\/www.baztan.eus\/?post_type=noticias&#038;p=23571"},"modified":"2024-10-21T12:51:50","modified_gmt":"2024-10-21T12:51:50","slug":"concierto-de-anari","status":"publish","type":"noticias","link":"https:\/\/www.baztan.eus\/es\/noticias\/concierto-de-anari\/","title":{"rendered":"Concierto de Anari"},"content":{"rendered":"<p>La cantante ofrecer\u00e1 un concierto este s\u00e1bado, 26 de octubre, en la Casa de Cultura a las 19:00<br \/>\nAnari Alberdi (Azkoitia, 1970) ha llegado a ser una de las voces m\u00e1s personales del panorama musical vasco desde que public\u00f3 su primer disco, \u00abAnari\u00bb, en 1996. Desde entonces ha grabado \u00abHabiak\u00bb, \u00abZebra\u00bb, \u00abIrla Izan\u00bb, \u00abZure aurreko penalak\u00bb y \u00abEpilogo bat\u00bb. \u00abGiza Zarata\u00bb es el s\u00e9ptimo largometraje de Anari, grabado en el estudio PACO LOCO de Puerto Santa Mar\u00eda de C\u00e1diz hacia principios del a\u00f1o 2024 y adaptado y producido junto a Joaqu\u00edn Pascual. Aunque desde el principio la cr\u00edtica especializada ha situado su trayectoria musical entre las voces m\u00e1s importantes de Euskal Herria, hoy en d\u00eda algunos la sit\u00faan en un lugar destacado de la literatura vasca desde el punto de vista del valor po\u00e9tico y literario de las palabras. Recientemente ha publicado los dos primeros libros: Gari eta goroldiozko, 2022, SUSA (novela) Demoliciones controladas 2023, PEPITAS, traducci\u00f3n de letras de canciones<\/p>\n","protected":false},"author":9,"featured_media":23362,"template":"","format":"standard","meta":{"_wpml_word_count":["{\"total\":0,\"to_translate\":{\"eu\":2,\"es\":2}}"],"_edit_lock":["1729514978:9"],"_edit_last":["9"],"barra":["general"],"imagenslia":[""],"subti":[""],"_thumbnail_id":["23362"],"_exactmetrics_sitenote_active":["0"],"mostrar_barra":["1"]},"class_list":["post-23571","noticias","type-noticias","status-publish","format-standard","has-post-thumbnail","hentry"],"_links":{"self":[{"href":"https:\/\/www.baztan.eus\/es\/wp-json\/wp\/v2\/noticias\/23571","targetHints":{"allow":["GET"]}}],"collection":[{"href":"https:\/\/www.baztan.eus\/es\/wp-json\/wp\/v2\/noticias"}],"about":[{"href":"https:\/\/www.baztan.eus\/es\/wp-json\/wp\/v2\/types\/noticias"}],"author":[{"embeddable":true,"href":"https:\/\/www.baztan.eus\/es\/wp-json\/wp\/v2\/users\/9"}],"wp:featuredmedia":[{"embeddable":true,"href":"https:\/\/www.baztan.eus\/es\/wp-json\/wp\/v2\/media\/23362"}],"wp:attachment":[{"href":"https:\/\/www.baztan.eus\/es\/wp-json\/wp\/v2\/media?parent=23571"}],"curies":[{"name":"wp","href":"https:\/\/api.w.org\/{rel}","templated":true}]}}