{"id":23585,"date":"2024-11-11T11:12:03","date_gmt":"2024-11-11T11:12:03","guid":{"rendered":"https:\/\/www.baztan.eus\/?post_type=noticias&#038;p=23585"},"modified":"2024-11-13T10:22:44","modified_gmt":"2024-11-13T10:22:44","slug":"declaracion-institucional-con-motivo-del-25-de-noviembre-dia-internacional-contra-la-violencia-hacia-las-mujeres-no-es-teatro-es-violencia-vicaria","status":"publish","type":"noticias","link":"https:\/\/www.baztan.eus\/es\/noticias\/declaracion-institucional-con-motivo-del-25-de-noviembre-dia-internacional-contra-la-violencia-hacia-las-mujeres-no-es-teatro-es-violencia-vicaria\/","title":{"rendered":"Declaraci\u00f3n Institucional con motivo del 25 de noviembre, D\u00eda Internacional contra la Violencia hacia las Mujeres \u00abNO ES TEATRO, ES VIOLENCIA VICARIA\u00bb"},"content":{"rendered":"<h1 style=\"text-align: center;\"><strong>NO ES TEATRO, ES VIOLENCIA VICARIA<\/strong><\/h1>\n<p>Dise\u00f1o de la campa\u00f1a: <strong>Li\u00e9bana Go\u00f1i Y\u00e1rnoz<\/strong>; <a href=\"http:\/\/www.liebanaillustration.com\" target=\"_blank\" rel=\"noopener\">www.liebanaillustration.com<\/a>; INSTAGRAM <a href=\"https:\/\/www.instagram.com\/liebana_illustration\/\" target=\"_blank\" rel=\"noopener\">@liebana_illustration<\/a><\/p>\n<p><!--more--><\/p>\n<h2>DECLARACI\u00d3N INSTITUCIONAL (texto en lectura f\u00e1cil <a href=\"https:\/\/www.baztan.eus\/wp-content\/uploads\/2024\/11\/Declaracion-institucional-castellano-LF.pdf\" class=\"mtli_attachment mtli_pdf\" target=\"_blank\" rel=\"noopener\">aqu\u00ed<\/a>)<\/h2>\n<p>Hoy, 25 de noviembre, las entidades locales y territoriales de Navarra alzamos la voz para condenar, una vez m\u00e1s, todas las formas de violencia machista que se ejercen contra las mujeres. Nos sumamos al clamor mundial que exige un mundo libre de violencias, en el que las mujeres, ni\u00f1os y ni\u00f1as puedan vivir sin miedo y con la plena garant\u00eda de sus derechos. Este a\u00f1o ponemos el foco en una de las formas m\u00e1s devastadoras y crueles de esta: la violencia vicaria.<\/p>\n<p><a href=\"https:\/\/www.baztan.eus\/wp-content\/uploads\/2024\/11\/Cartel-general-Campana-25N2024-EUS-CAST-jpg-scaled.jpg\" target=\"_blank\" rel=\"noopener\"><img loading=\"lazy\" decoding=\"async\" class=\"alignleft wp-image-23582 size-large\" src=\"https:\/\/www.baztan.eus\/wp-content\/uploads\/2024\/11\/Cartel-general-Campana-25N2024-EUS-CAST-jpg-735x1024.jpg\" alt=\"\" width=\"735\" height=\"1024\" srcset=\"https:\/\/www.baztan.eus\/wp-content\/uploads\/2024\/11\/Cartel-general-Campana-25N2024-EUS-CAST-jpg-735x1024.jpg 735w, https:\/\/www.baztan.eus\/wp-content\/uploads\/2024\/11\/Cartel-general-Campana-25N2024-EUS-CAST-jpg-215x300.jpg 215w, https:\/\/www.baztan.eus\/wp-content\/uploads\/2024\/11\/Cartel-general-Campana-25N2024-EUS-CAST-jpg-768x1071.jpg 768w, https:\/\/www.baztan.eus\/wp-content\/uploads\/2024\/11\/Cartel-general-Campana-25N2024-EUS-CAST-jpg-1102x1536.jpg 1102w, https:\/\/www.baztan.eus\/wp-content\/uploads\/2024\/11\/Cartel-general-Campana-25N2024-EUS-CAST-jpg-1469x2048.jpg 1469w, https:\/\/www.baztan.eus\/wp-content\/uploads\/2024\/11\/Cartel-general-Campana-25N2024-EUS-CAST-jpg-82x115.jpg 82w, https:\/\/www.baztan.eus\/wp-content\/uploads\/2024\/11\/Cartel-general-Campana-25N2024-EUS-CAST-jpg-scaled.jpg 1836w\" sizes=\"auto, (max-width: 735px) 100vw, 735px\" \/><\/a><\/p>\n<p>Se trata de una manifestaci\u00f3n extrema del machismo, porque ataca a las mujeres a trav\u00e9s de sus seres queridos, especialmente, sus hijas e hijos. Los agresores las y los utilizan como instrumento para infligir el mayor da\u00f1o emocional posible. Este tipo de violencia deja una huella imborrable en quienes la sufren y, en muchos casos, acaba con la vida de las ni\u00f1as y ni\u00f1os. Se evidencian las din\u00e1micas de poder que caracterizan la violencia machista: los agresores no ven a sus criaturas como seres independientes, sino como extensiones de su control sobre sus parejas. Es m\u00e1s, la violencia vicaria cuenta con la complicidad de una sociedad que cuestiona permanentemente a las mujeres, que las priva de autoridad y pone en duda su palabra. Es por ello que el lema alude a \u201cNo es teatro, es violencia vicaria\u201d.<\/p>\n<p>Seg\u00fan el informe \u201c<em>Menores v\u00edctimas mortales en casos de violencia de g\u00e9nero contra su madre en Espa\u00f1a<\/em>\u201d, la cifra de los datos provisionales de menores v\u00edctimas mortales a manos de sus padres biol\u00f3gicos, parejas o exparejas de la madre, desde 2013 hasta el 14 de octubre de 2024, asciende a 63, un 49% de ni\u00f1as y un 51% de ni\u00f1os. En 2024 ya se han cuantificado 10 casos (6 ni\u00f1as y 4 ni\u00f1os), la cifra m\u00e1s alta en la \u00faltima d\u00e9cada. Es fundamental garantizar sistemas de informaci\u00f3n que permitan analizar esta compleja realidad y aplicar pol\u00edticas concretas.<\/p>\n<p>En los \u00faltimos a\u00f1os hemos sabido de casos desgarradores en los que las vidas de menores han sido arrebatadas con el \u00fanico prop\u00f3sito de castigar a sus madres. No podemos permitir que siga habiendo m\u00e1s v\u00edctimas de violencia vicaria; ni podemos tolerar que la vida de las y los menores se convierta en una herramienta para perpetuar la violencia contra las mujeres.<\/p>\n<p>La Ley Org\u00e1nica de Protecci\u00f3n Integral a la Infancia y la Adolescencia frente a la Violencia aprobada en 2021, establece que cuando haya indicios fundados de que las y los menores de edad conviven con situaciones de violencia de g\u00e9nero, la autoridad judicial, suspender\u00e1 el r\u00e9gimen de visitas. Seg\u00fan datos del Consejo General del Poder Judicial en 2022 solo el 8% de los casos de violencia de g\u00e9nero trajo consigo la suspensi\u00f3n del r\u00e9gimen de visitas a los padres. En este sentido, la relatora especial de la ONU sobre la Violencia contra la Mujer defiende que a menudo las decisiones judiciales favorecen a los hombres. Y es que, los testimonios de las mujeres resultan menos cre\u00edbles que los de los hombres debido al prejuicio, los estereotipos asociados al g\u00e9nero y sesgo discriminatorio patriarcal.<\/p>\n<p>Consideramos que, pese a los innegables avances en nuestro sistema jur\u00eddico en materia de violencia de g\u00e9nero, sigue existiendo una gran brecha entre la Ley y su aplicaci\u00f3n pr\u00e1ctica. La gravedad del problema hace urgente la necesidad de transformar el funcionamiento de los sistemas de protecci\u00f3n a v\u00edctimas de estas manifestaciones de violencia machista.<\/p>\n<p>Es necesario que sigamos fortaleciendo nuestras pol\u00edticas y recursos para combatir todas las formas de violencias machistas, incluidas las m\u00e1s invisibilizadas, como es la violencia vicaria, la psicol\u00f3gica o la manipulaci\u00f3n y la violencia institucional. Las mujeres y menores tienen derecho a vivir en paz, y las entidades locales y territoriales tenemos una responsabilidad clave en este sentido. No podemos mirar hacia otro lado, debemos asumir un compromiso firme y colectivo para prevenir y erradicar esta violencia que vulnera derechos humanos fundamentales.<\/p>\n<p>Por ello, desde las entidades locales y territoriales de Navarra nos comprometemos a:<\/p>\n<ol>\n<li>Promover campa\u00f1as de sensibilizaci\u00f3n espec\u00edficas sobre la violencia vicaria, con el objetivo de visibilizarla y concienciar a la ciudadan\u00eda sobre sus consecuencias.<\/li>\n<li>Reforzar la formaci\u00f3n de los y las profesionales que trabajan en el \u00e1mbito local y territorial (polic\u00eda, servicios sociales, educaci\u00f3n, sanidad, etc.), para que puedan detectar y actuar de manera temprana y efectiva en casos de violencia vicaria.<\/li>\n<li>Impulsar medidas de protecci\u00f3n integral desde la debida diligencia para las mujeres y sus hijas e hijos, garantizando que cuenten con recursos de apoyo psicol\u00f3gico, jur\u00eddico y social, posibilitando su reparaci\u00f3n y autonom\u00eda.<\/li>\n<li>Coordinar acciones entre las distintas administraciones y entidades para asegurar una respuesta \u00e1gil, coordinada y efectiva ante situaciones de violencia vicaria, evitando vac\u00edos legales y garantizando la protecci\u00f3n inmediata de las v\u00edctimas.<\/li>\n<li>Incorporar la perspectiva de la violencia vicaria en las pol\u00edticas de igualdad locales,\u00a0 para que est\u00e9 presente de manera transversal de las acciones destinadas a prevenir y erradicar la violencia machista.<\/li>\n<\/ol>\n<p>En este 25 de noviembre, reafirmamos nuestro compromiso con la construcci\u00f3n de una sociedad justa e igualitaria, en la que no tenga cabida ninguna forma de violencia contra las mujeres, y tampoco la violencia vicaria. Trabajaremos incansablemente para que cada ni\u00f1a y ni\u00f1o, cada mujer, pueda vivir con dignidad, libertad y en autonom\u00eda.<\/p>\n<p><!--more--><\/p>\n<h2>ACTIVIDADES PROGRAMADAS<\/h2>\n<p><a href=\"https:\/\/www.baztan.eus\/wp-content\/uploads\/2024\/11\/BAZTAN-ekintzen-programazioa-DEF.jpg\" target=\"_blank\" rel=\"noopener\"><img loading=\"lazy\" decoding=\"async\" class=\"aligncenter wp-image-23608 size-large\" src=\"https:\/\/www.baztan.eus\/wp-content\/uploads\/2024\/11\/BAZTAN-ekintzen-programazioa-DEF-731x1024.jpg\" alt=\"\" width=\"731\" height=\"1024\" srcset=\"https:\/\/www.baztan.eus\/wp-content\/uploads\/2024\/11\/BAZTAN-ekintzen-programazioa-DEF-731x1024.jpg 731w, https:\/\/www.baztan.eus\/wp-content\/uploads\/2024\/11\/BAZTAN-ekintzen-programazioa-DEF-214x300.jpg 214w, https:\/\/www.baztan.eus\/wp-content\/uploads\/2024\/11\/BAZTAN-ekintzen-programazioa-DEF-768x1077.jpg 768w, https:\/\/www.baztan.eus\/wp-content\/uploads\/2024\/11\/BAZTAN-ekintzen-programazioa-DEF-1096x1536.jpg 1096w, https:\/\/www.baztan.eus\/wp-content\/uploads\/2024\/11\/BAZTAN-ekintzen-programazioa-DEF-82x115.jpg 82w, https:\/\/www.baztan.eus\/wp-content\/uploads\/2024\/11\/BAZTAN-ekintzen-programazioa-DEF.jpg 1461w\" sizes=\"auto, (max-width: 731px) 100vw, 731px\" \/><\/a><\/p>\n","protected":false},"author":3,"featured_media":23586,"template":"","format":"standard","meta":{"_wpml_word_count":["{\"total\":662,\"to_translate\":{\"es\":662}}"],"imagenslia":[""],"subti":["Hoy, 25 de noviembre, las entidades locales y territoriales de Navarra alzamos la voz para condenar, una vez m\u00e1s, todas las formas de violencia machista que se ejercen contra las mujeres. Nos sumamos al clamor mundial que exige un mundo libre de violencias, en el que las mujeres, ni\u00f1os y ni\u00f1as puedan vivir sin miedo y con la plena garant\u00eda de sus derechos. Este a\u00f1o ponemos el foco en una de las formas m\u00e1s devastadoras y crueles de esta: la violencia vicaria."],"barra":["general"],"mostrar_barra":["1"],"_edit_lock":["1731657476:3"],"_edit_last":["3"],"_thumbnail_id":["23586"],"_exactmetrics_sitenote_active":["0"]},"class_list":["post-23585","noticias","type-noticias","status-publish","format-standard","has-post-thumbnail","hentry","categorianoticias-actualidad","categorianoticias-zerbitzuak-es"],"_links":{"self":[{"href":"https:\/\/www.baztan.eus\/es\/wp-json\/wp\/v2\/noticias\/23585","targetHints":{"allow":["GET"]}}],"collection":[{"href":"https:\/\/www.baztan.eus\/es\/wp-json\/wp\/v2\/noticias"}],"about":[{"href":"https:\/\/www.baztan.eus\/es\/wp-json\/wp\/v2\/types\/noticias"}],"author":[{"embeddable":true,"href":"https:\/\/www.baztan.eus\/es\/wp-json\/wp\/v2\/users\/3"}],"wp:featuredmedia":[{"embeddable":true,"href":"https:\/\/www.baztan.eus\/es\/wp-json\/wp\/v2\/media\/23586"}],"wp:attachment":[{"href":"https:\/\/www.baztan.eus\/es\/wp-json\/wp\/v2\/media?parent=23585"}],"curies":[{"name":"wp","href":"https:\/\/api.w.org\/{rel}","templated":true}]}}