{"id":23913,"date":"2025-02-12T06:53:26","date_gmt":"2025-02-12T06:53:26","guid":{"rendered":"https:\/\/www.baztan.eus\/?post_type=noticias&#038;p=23913"},"modified":"2025-02-12T06:56:42","modified_gmt":"2025-02-12T06:56:42","slug":"non-habil-perkain-proyeccion-de-documental","status":"publish","type":"noticias","link":"https:\/\/www.baztan.eus\/es\/noticias\/non-habil-perkain-proyeccion-de-documental\/","title":{"rendered":"Non habila Perkain? Proyecci\u00f3n de documental"},"content":{"rendered":"<p>14 de febrero, viernes<\/p>\n<p>Arizkunenea<\/p>\n<p>19:00 horas<\/p>\n<p>En este documental de 50 minutos Mikel Erramousp\u00e9 sigue las huellas del famoso pelotari de Alduides Perkain\u00a0 , un pelotari que vive los tiempos de la Revoluci\u00f3n francesa. Perkain\u00a0 escap\u00f3\u00a0 a Baztan, pero en Aldude le lanzaron una apuesta., durante el partido de pelota, la polic\u00eda vino a detenerle, y mat\u00f3 al comisario de un golpe de pelota por lo que volvi\u00f3 a huir a Baztan.<\/p>\n<p>\u00bfQu\u00e9 es verdad y que es mentira? \u00bf Es el relato parte de la historia y o del mito?<\/p>\n<p>Tras el v\u00eddeo, Tiburzio Arraztoa y Mikel Erramouspe hablar\u00e1n sobre los desaf\u00edos entre los pelotaris de Aldude y Baztan.<\/p>\n<p>Productor: Asociaci\u00f3n cultural Aldudarrak<\/p>\n","protected":false},"author":9,"featured_media":23912,"template":"","format":"standard","meta":{"_wpml_word_count":["{\"total\":0,\"to_translate\":{\"eu\":2,\"es\":2}}"],"_edit_lock":["1739343269:9"],"_edit_last":["9"],"barra":["general"],"imagenslia":[""],"subti":[""],"_thumbnail_id":["23912"],"mostrar_barra":["1"],"_exactmetrics_sitenote_active":["0"]},"class_list":["post-23913","noticias","type-noticias","status-publish","format-standard","has-post-thumbnail","hentry"],"_links":{"self":[{"href":"https:\/\/www.baztan.eus\/es\/wp-json\/wp\/v2\/noticias\/23913","targetHints":{"allow":["GET"]}}],"collection":[{"href":"https:\/\/www.baztan.eus\/es\/wp-json\/wp\/v2\/noticias"}],"about":[{"href":"https:\/\/www.baztan.eus\/es\/wp-json\/wp\/v2\/types\/noticias"}],"author":[{"embeddable":true,"href":"https:\/\/www.baztan.eus\/es\/wp-json\/wp\/v2\/users\/9"}],"wp:featuredmedia":[{"embeddable":true,"href":"https:\/\/www.baztan.eus\/es\/wp-json\/wp\/v2\/media\/23912"}],"wp:attachment":[{"href":"https:\/\/www.baztan.eus\/es\/wp-json\/wp\/v2\/media?parent=23913"}],"curies":[{"name":"wp","href":"https:\/\/api.w.org\/{rel}","templated":true}]}}