{"id":23978,"date":"2025-02-24T07:23:43","date_gmt":"2025-02-24T07:23:43","guid":{"rendered":"https:\/\/www.baztan.eus\/?post_type=noticias&#038;p=23978"},"modified":"2025-02-28T12:06:37","modified_gmt":"2025-02-28T12:06:37","slug":"8-de-marzo-dia-internacional-de-las-mujeres-desigualdad-real-justicia-pendiente","status":"publish","type":"noticias","link":"https:\/\/www.baztan.eus\/es\/noticias\/8-de-marzo-dia-internacional-de-las-mujeres-desigualdad-real-justicia-pendiente\/","title":{"rendered":"8 de marzo, D\u00eda Internacional de las Mujeres. DESIGUALDAD REAL, JUSTICIA PENDIENTE"},"content":{"rendered":"<h2 style=\"text-align: center;\">Martxoak 8, Emakumeen Nazioarteko Eguna \/ 8 de marzo, D\u00eda Internacional de las Mujeres<\/h2>\n<h1 style=\"text-align: center;\">DESBERDINKERIA ERREALITATE, JUZTIZIA LORTZEKE \/ DESIGUALDAD REAL, JUSTICIA PENDIENTE<\/h1>\n<ul>\n<li>\n<h3>Programaci\u00f3n:<\/h3>\n<\/li>\n<\/ul>\n<p><a href=\"https:\/\/www.baztan.eus\/wp-content\/uploads\/2025\/02\/2-M8-ekintzekin-1.jpg\" target=\"_blank\" rel=\"noopener\"><img loading=\"lazy\" decoding=\"async\" class=\"aligncenter wp-image-23979 size-full\" src=\"https:\/\/www.baztan.eus\/wp-content\/uploads\/2025\/02\/2-M8-ekintzekin-1.jpg\" alt=\"\" width=\"1080\" height=\"1350\" srcset=\"https:\/\/www.baztan.eus\/wp-content\/uploads\/2025\/02\/2-M8-ekintzekin-1.jpg 1080w, https:\/\/www.baztan.eus\/wp-content\/uploads\/2025\/02\/2-M8-ekintzekin-1-240x300.jpg 240w, https:\/\/www.baztan.eus\/wp-content\/uploads\/2025\/02\/2-M8-ekintzekin-1-819x1024.jpg 819w, https:\/\/www.baztan.eus\/wp-content\/uploads\/2025\/02\/2-M8-ekintzekin-1-768x960.jpg 768w, https:\/\/www.baztan.eus\/wp-content\/uploads\/2025\/02\/2-M8-ekintzekin-1-92x115.jpg 92w\" sizes=\"auto, (max-width: 1080px) 100vw, 1080px\" \/><\/a><\/p>\n<p><img loading=\"lazy\" decoding=\"async\" class=\" wp-image-23974 alignleft\" src=\"https:\/\/www.baztan.eus\/wp-content\/uploads\/2025\/02\/literatur-geraldiak-uxue-alberdi-kartela-169x300.jpeg\" alt=\"\" width=\"143\" height=\"254\" srcset=\"https:\/\/www.baztan.eus\/wp-content\/uploads\/2025\/02\/literatur-geraldiak-uxue-alberdi-kartela-169x300.jpeg 169w, https:\/\/www.baztan.eus\/wp-content\/uploads\/2025\/02\/literatur-geraldiak-uxue-alberdi-kartela-577x1024.jpeg 577w, https:\/\/www.baztan.eus\/wp-content\/uploads\/2025\/02\/literatur-geraldiak-uxue-alberdi-kartela-768x1364.jpeg 768w, https:\/\/www.baztan.eus\/wp-content\/uploads\/2025\/02\/literatur-geraldiak-uxue-alberdi-kartela-865x1536.jpeg 865w, https:\/\/www.baztan.eus\/wp-content\/uploads\/2025\/02\/literatur-geraldiak-uxue-alberdi-kartela-65x115.jpeg 65w, https:\/\/www.baztan.eus\/wp-content\/uploads\/2025\/02\/literatur-geraldiak-uxue-alberdi-kartela.jpeg 1126w\" sizes=\"auto, (max-width: 143px) 100vw, 143px\" \/><\/p>\n<h3><strong>LITERATUR GERALDIAK: Presentaci\u00f3n del libro narrativo &#8216;Hetero&#8217;<\/strong><\/h3>\n<p>\u00abNorma y brecha. En la tensi\u00f3n entre ambos aparecen las protagonistas de estos cuentos. Casi todas son mujeres y se refieren principalmente a hombres. De las huellas que ellos dejaron en sus cuerpos, en su memoria afectiva y en su d\u00eda a d\u00eda. De las expectativas y decepciones hacia los hombres: aquellas que se hicieron y no se dijeron al momento \u00ab.<\/p>\n<h4><em>28 de febrero, viernes \u23f0 18:00<\/em><br \/>\n<em>Aniz<\/em><\/h4>\n<p>Ponente: <strong>Uxue Alberdi<\/strong>, escritora vasca y bertsolari.<\/p>\n<p>&nbsp;<\/p>\n<p>&nbsp;<\/p>\n<h2 style=\"text-align: center;\"><strong>D\u00cdA INTERNACIONAL DE LAS MUJERES<\/strong><\/h2>\n<h2 style=\"text-align: center;\"><strong>8 de marzo, s\u00e1bado<\/strong><\/h2>\n<p><strong><img loading=\"lazy\" decoding=\"async\" class=\" wp-image-23975 alignleft\" src=\"https:\/\/www.baztan.eus\/wp-content\/uploads\/2025\/02\/KARTELA-3-212x300.jpg\" alt=\"\" width=\"204\" height=\"288\" srcset=\"https:\/\/www.baztan.eus\/wp-content\/uploads\/2025\/02\/KARTELA-3-212x300.jpg 212w, https:\/\/www.baztan.eus\/wp-content\/uploads\/2025\/02\/KARTELA-3-724x1024.jpg 724w, https:\/\/www.baztan.eus\/wp-content\/uploads\/2025\/02\/KARTELA-3-768x1086.jpg 768w, https:\/\/www.baztan.eus\/wp-content\/uploads\/2025\/02\/KARTELA-3-1086x1536.jpg 1086w, https:\/\/www.baztan.eus\/wp-content\/uploads\/2025\/02\/KARTELA-3-1448x2048.jpg 1448w, https:\/\/www.baztan.eus\/wp-content\/uploads\/2025\/02\/KARTELA-3-81x115.jpg 81w, https:\/\/www.baztan.eus\/wp-content\/uploads\/2025\/02\/KARTELA-3-scaled.jpg 1810w\" sizes=\"auto, (max-width: 204px) 100vw, 204px\" \/><\/strong><\/p>\n<h3><strong>GINKANA<\/strong> <strong>\u201cEUSKAL AZTARNEN BILA\u201d <\/strong><\/h3>\n<p>Superad los retos, juegos y recoged las llaves m\u00e1gicas para abrir el tesoro escondido al final de la aventura.<\/p>\n<p>\u00a1An\u00edmate a esta aventura a conocer historias inspiradoras de referentes de Euskal Herria!<\/p>\n<h4><em>8 de marzo, s\u00e1bado \u23f0 10:00 &#8211; 12:00\u00a0<\/em><br \/>\n<em>Front\u00f3n Baztan (Elizondo)<\/em><\/h4>\n<p><strong>Inscripci\u00f3n necesaria<\/strong>: 613 003634; <a href=\"mailto:berdintasuna@baztan.eus\">berdintasuna@baztan.eus<\/a><\/p>\n<p>&nbsp;<\/p>\n<p>&nbsp;<\/p>\n<p><strong><img loading=\"lazy\" decoding=\"async\" class=\"size-medium wp-image-23976 alignleft\" src=\"https:\/\/www.baztan.eus\/wp-content\/uploads\/2025\/02\/Kaiting-in-the-night-irudia-225x300.jpg\" alt=\"\" width=\"225\" height=\"300\" srcset=\"https:\/\/www.baztan.eus\/wp-content\/uploads\/2025\/02\/Kaiting-in-the-night-irudia-225x300.jpg 225w, https:\/\/www.baztan.eus\/wp-content\/uploads\/2025\/02\/Kaiting-in-the-night-irudia-768x1024.jpg 768w, https:\/\/www.baztan.eus\/wp-content\/uploads\/2025\/02\/Kaiting-in-the-night-irudia-86x115.jpg 86w, https:\/\/www.baztan.eus\/wp-content\/uploads\/2025\/02\/Kaiting-in-the-night-irudia.jpg 1125w\" sizes=\"auto, (max-width: 225px) 100vw, 225px\" \/><\/strong><\/p>\n<h3><strong>Espect\u00e1culo de humor \u201cKAITING IN THE NIGHT\u201d\u00a0<\/strong><\/h3>\n<p>Soy periodista, he estado siempre en la radio, soy locutora y tambi\u00e9n la unidad m\u00f3vil. A m\u00ed no me digas, que las periodistas tampoco somos artistas&#8230; acrobacias, malabares, hacemos de todo. Tambi\u00e9n soy madre y me dedico al bienestar de quienes me rodean en este mon\u00f3logo. Con edad avanzada y ahora estoy premenop\u00e1usica, estoy perimenop\u00e1usica s\u00ed, sin embargo, estoy dando la vuelta a la situaci\u00f3n. Pasan los a\u00f1os y ahora cuido a mi madre. Por otra parte, hay quienes llevan la vejez activa al extremo y acaban viviendo en una vejez hiperactiva y, viendo su vida, he empezado a prepararme.<\/p>\n<h4><em>9 de marzo, domingo\u00a0<\/em><em> \u23f0\u00a0<\/em><em>18:00<\/em><br \/>\n<em>Irurita<\/em><\/h4>\n<p>&nbsp;<\/p>\n<p>&nbsp;<\/p>\n<p>&nbsp;<\/p>\n<p><strong><img loading=\"lazy\" decoding=\"async\" class=\"size-medium wp-image-23977 alignleft\" src=\"https:\/\/www.baztan.eus\/wp-content\/uploads\/2025\/02\/Defensoras-erakusketa-kartela-208x300.jpg\" alt=\"\" width=\"208\" height=\"300\" srcset=\"https:\/\/www.baztan.eus\/wp-content\/uploads\/2025\/02\/Defensoras-erakusketa-kartela-208x300.jpg 208w, https:\/\/www.baztan.eus\/wp-content\/uploads\/2025\/02\/Defensoras-erakusketa-kartela-709x1024.jpg 709w, https:\/\/www.baztan.eus\/wp-content\/uploads\/2025\/02\/Defensoras-erakusketa-kartela-768x1109.jpg 768w, https:\/\/www.baztan.eus\/wp-content\/uploads\/2025\/02\/Defensoras-erakusketa-kartela-1063x1536.jpg 1063w, https:\/\/www.baztan.eus\/wp-content\/uploads\/2025\/02\/Defensoras-erakusketa-kartela-80x115.jpg 80w, https:\/\/www.baztan.eus\/wp-content\/uploads\/2025\/02\/Defensoras-erakusketa-kartela.jpg 1125w\" sizes=\"auto, (max-width: 208px) 100vw, 208px\" \/><\/strong><\/p>\n<h3><strong>DEFENSORAS: Mujeres que transforman<\/strong><\/h3>\n<p>Las mujeres defensoras de la tierra y de los derechos humanos trabajan constantemente por la libertad, la igualdad y la justicia. Individual y colectivamente, tanto a nivel nacional como internacional se ponen en pie para hacer frente a la amenaza de violencia de quienes niegan estos derechos. Son ciudadanas, emprendedoras, madres, campesinos, estudiantes, comunicadoras, pol\u00edticas, profesionales&#8230;<\/p>\n<h4><em>Entre el 26 de marzo y el 21 de abril en el Centro de salud de Elizondo\u00a0<\/em><\/h4>\n<p>&nbsp;<\/p>\n<p>&nbsp;<\/p>\n<p>&nbsp;<\/p>\n<p>&nbsp;<\/p>\n<p><!--more--><\/p>\n<ul>\n<li>\n<h3><a href=\"https:\/\/www.baztan.eus\/wp-content\/uploads\/2025\/02\/M8-adierazpen-instituzionala_Biling-azken-bertsioa.pdf\" class=\"mtli_attachment mtli_pdf\" target=\"_blank\" rel=\"noopener\">Declaraci\u00f3n institucional<\/a> aprobada por unanimidad el 27 de febrero en pleno Municipal. Desc\u00e1rgala <a href=\"https:\/\/www.baztan.eus\/wp-content\/uploads\/2025\/02\/LF_Declaracion-institucional-8M-CAS.pdf\" class=\"mtli_attachment mtli_pdf\" target=\"_blank\" rel=\"noopener\">aqu\u00ed tambi\u00e9n en lectura f\u00e1cil<\/a>.<\/h3>\n<\/li>\n<\/ul>\n<h1 style=\"text-align: center;\">DECLARACI\u00d3N INSTITUCIONAL<\/h1>\n<h1 style=\"text-align: center;\">Desigualdad real, justicia pendiente<\/h1>\n<p>Este a\u00f1o, en el D\u00eda Internacional de las Mujeres, las T\u00e9cnicas de Igualdad de Entidades Locales y Territoriales de Navarra quieren subrayar un mensaje claro: la igualdad de g\u00e9nero sigue siendo una cuesti\u00f3n de justicia social que contin\u00faa estando pendiente. Aunque la igualdad formal est\u00e1 reconocida en leyes y normativas, a\u00fan no se ha alcanzado la igualdad real ya que las mujeres enfrentan barreras significativas en su vida diaria, al tener que realizar dobles y triples jornadas.<\/p>\n<p>Las estad\u00edsticas de Navarra as\u00ed lo demuestran: las mujeres ganan un 20% menos que los hombres y representan el 36% en puestos de liderazgo. M\u00e1s del 80% de los empleos a tiempo parcial en 2020 estaban ocupados por ellas y, adem\u00e1s, el 87% de quienes afirman que sus obligaciones familiares condicionan su jornada laboral, son mujeres. Ellas dedican el doble de tiempo al cuidado y tareas del hogar, lo que repercute negativamente en su acceso a empleos de calidad y su bienestar general. Ejemplo de esto es que la tasa de inactividad de las mujeres en el empleo remunerado por motivos de cuidados es del 27,2%. Los sectores feminizados contin\u00faan siendo los m\u00e1s precarizados, y el trabajo no remunerado sigue siendo asumido principalmente por mujeres, lo que limita su desarrollo profesional y perpet\u00faa una brecha de g\u00e9nero que afecta a todas las esferas de la vida. Esta brecha se acent\u00faa cuando las mujeres son migrantes, tienen alg\u00fan tipo de discapacidad, pertenecen al colectivo LGTBIQ+, etc.<\/p>\n<p>La dualidad entre el trabajo remunerado y no remunerado da como resultado una desigualdad estructural que debe ser visibilizada y abordada con urgencia, algo que viene denunciando el feminismo desde los a\u00f1os 60 cuando se resignific\u00f3 la noci\u00f3n de cuidados.<\/p>\n<p>Es imprescindible avanzar hacia una sociedad que reconozca y valore el trabajo de todas las mujeres, que fomente la corresponsabilidad, las pol\u00edticas de igualdad, y que elimine las barreras que impiden la igualdad real. Es hora de dejar atr\u00e1s las <em>fake news<\/em> y los mitos antifeministas que afirman que la igualdad ya est\u00e1 conseguida. Instamos a instituciones, empresas y ciudadan\u00eda a actuar con diligencia para eliminar las brechas de g\u00e9nero que persisten en nuestra sociedad.\u00a0 Para ello, las Entidades firmantes de esta declaraci\u00f3n nos comprometemos a:<\/p>\n<ul>\n<li>Dise\u00f1ar e implementar programas y campa\u00f1as de sensibilizaci\u00f3n dirigidas a promover la corresponsabilidad, involucrando a hombres y mujeres por igual, teniendo en cuenta la interseccionalidad para atender las necesidades espec\u00edficas de colectivos m\u00e1s vulnerabilizados.<\/li>\n<li>Desarrollar medidas de seguimiento y evaluaci\u00f3n de la brecha salarial de g\u00e9nero en nuestras entidades, garantizando que los convenios y acuerdos laborales reflejen una valoraci\u00f3n justa del trabajo de las mujeres, especialmente en sectores feminizados.<\/li>\n<li>Implementar pol\u00edticas locales que reconozcan y valoren el trabajo no remunerado como eje central para la sostenibilidad de la vida garantizando servicios p\u00fablicos universales para todas las personas.<\/li>\n<li>Ofrecer formaci\u00f3n continua en igualdad de g\u00e9nero a todo el personal de nuestras<\/li>\n<\/ul>\n<p>entidades, asegurando que las pol\u00edticas p\u00fablicas y las decisiones administrativas se apliquen con perspectiva de g\u00e9nero.<\/p>\n<ul>\n<li>Reconocer las aportaciones y el trabajo del movimiento feminista en este \u00e1mbito e invitar a la participaci\u00f3n en los diferentes actos y concentraciones que organicen.<\/li>\n<\/ul>\n<p style=\"text-align: center;\">Estas acciones ayudar\u00e1n a construir una Navarra m\u00e1s igualitaria y feminista, donde las mujeres puedan participar en igualdad de condiciones en todos los \u00e1mbitos de la vida.<\/p>\n<p><!--more--><\/p>\n<div data-carousel-extra='{\"blog_id\":1,\"permalink\":\"https:\\\/\\\/www.baztan.eus\\\/es\\\/noticias\\\/8-de-marzo-dia-internacional-de-las-mujeres-desigualdad-real-justicia-pendiente\\\/\",\"likes_blog_id\":false}' id='gallery-1' class='gallery galleryid-23978 gallery-columns-2 gallery-size-large'><figure class='gallery-item'>\n\t\t\t<div class='gallery-icon portrait'>\n\t\t\t\t<a href='https:\/\/www.baztan.eus\/wp-content\/uploads\/2025\/02\/0.-orokorra_EUS_CAS-2.jpg'><img loading=\"lazy\" decoding=\"async\" width=\"725\" height=\"1024\" src=\"https:\/\/www.baztan.eus\/wp-content\/uploads\/2025\/02\/0.-orokorra_EUS_CAS-2-725x1024.jpg\" class=\"attachment-large size-large\" alt=\"\" srcset=\"https:\/\/www.baztan.eus\/wp-content\/uploads\/2025\/02\/0.-orokorra_EUS_CAS-2-725x1024.jpg 725w, https:\/\/www.baztan.eus\/wp-content\/uploads\/2025\/02\/0.-orokorra_EUS_CAS-2-212x300.jpg 212w, https:\/\/www.baztan.eus\/wp-content\/uploads\/2025\/02\/0.-orokorra_EUS_CAS-2-768x1085.jpg 768w, https:\/\/www.baztan.eus\/wp-content\/uploads\/2025\/02\/0.-orokorra_EUS_CAS-2-81x115.jpg 81w, https:\/\/www.baztan.eus\/wp-content\/uploads\/2025\/02\/0.-orokorra_EUS_CAS-2.jpg 843w\" sizes=\"auto, (max-width: 725px) 100vw, 725px\" data-attachment-id=\"23981\" data-orig-file=\"https:\/\/www.baztan.eus\/wp-content\/uploads\/2025\/02\/0.-orokorra_EUS_CAS-2.jpg\" data-orig-size=\"843,1191\" data-comments-opened=\"0\" data-image-meta=\"{&quot;aperture&quot;:&quot;0&quot;,&quot;credit&quot;:&quot;&quot;,&quot;camera&quot;:&quot;&quot;,&quot;caption&quot;:&quot;&quot;,&quot;created_timestamp&quot;:&quot;0&quot;,&quot;copyright&quot;:&quot;&quot;,&quot;focal_length&quot;:&quot;0&quot;,&quot;iso&quot;:&quot;0&quot;,&quot;shutter_speed&quot;:&quot;0&quot;,&quot;title&quot;:&quot;&quot;,&quot;orientation&quot;:&quot;0&quot;,&quot;keywords&quot;:&quot;Array&quot;}\" data-image-title=\"0. orokorra_EUS_CAS\" data-image-description=\"\" data-medium-file=\"https:\/\/www.baztan.eus\/wp-content\/uploads\/2025\/02\/0.-orokorra_EUS_CAS-2-212x300.jpg\" data-large-file=\"https:\/\/www.baztan.eus\/wp-content\/uploads\/2025\/02\/0.-orokorra_EUS_CAS-2-725x1024.jpg\" \/><\/a>\n\t\t\t<\/div><\/figure><figure class='gallery-item'>\n\t\t\t<div class='gallery-icon portrait'>\n\t\t\t\t<a href='https:\/\/www.baztan.eus\/wp-content\/uploads\/2025\/02\/DISCAPACIDAD_EUS_CAS-100.jpg'><img loading=\"lazy\" decoding=\"async\" width=\"724\" height=\"1024\" src=\"https:\/\/www.baztan.eus\/wp-content\/uploads\/2025\/02\/DISCAPACIDAD_EUS_CAS-100-724x1024.jpg\" class=\"attachment-large size-large\" alt=\"\" srcset=\"https:\/\/www.baztan.eus\/wp-content\/uploads\/2025\/02\/DISCAPACIDAD_EUS_CAS-100-724x1024.jpg 724w, https:\/\/www.baztan.eus\/wp-content\/uploads\/2025\/02\/DISCAPACIDAD_EUS_CAS-100-212x300.jpg 212w, https:\/\/www.baztan.eus\/wp-content\/uploads\/2025\/02\/DISCAPACIDAD_EUS_CAS-100-768x1086.jpg 768w, https:\/\/www.baztan.eus\/wp-content\/uploads\/2025\/02\/DISCAPACIDAD_EUS_CAS-100-81x115.jpg 81w, https:\/\/www.baztan.eus\/wp-content\/uploads\/2025\/02\/DISCAPACIDAD_EUS_CAS-100.jpg 842w\" sizes=\"auto, (max-width: 724px) 100vw, 724px\" data-attachment-id=\"23982\" data-orig-file=\"https:\/\/www.baztan.eus\/wp-content\/uploads\/2025\/02\/DISCAPACIDAD_EUS_CAS-100.jpg\" data-orig-size=\"842,1191\" data-comments-opened=\"0\" data-image-meta=\"{&quot;aperture&quot;:&quot;0&quot;,&quot;credit&quot;:&quot;&quot;,&quot;camera&quot;:&quot;&quot;,&quot;caption&quot;:&quot;&quot;,&quot;created_timestamp&quot;:&quot;0&quot;,&quot;copyright&quot;:&quot;&quot;,&quot;focal_length&quot;:&quot;0&quot;,&quot;iso&quot;:&quot;0&quot;,&quot;shutter_speed&quot;:&quot;0&quot;,&quot;title&quot;:&quot;&quot;,&quot;orientation&quot;:&quot;0&quot;,&quot;keywords&quot;:&quot;Array&quot;}\" data-image-title=\"DISCAPACIDAD_EUS_CAS-100\" data-image-description=\"\" data-medium-file=\"https:\/\/www.baztan.eus\/wp-content\/uploads\/2025\/02\/DISCAPACIDAD_EUS_CAS-100-212x300.jpg\" data-large-file=\"https:\/\/www.baztan.eus\/wp-content\/uploads\/2025\/02\/DISCAPACIDAD_EUS_CAS-100-724x1024.jpg\" \/><\/a>\n\t\t\t<\/div><\/figure><figure class='gallery-item'>\n\t\t\t<div class='gallery-icon portrait'>\n\t\t\t\t<a href='https:\/\/www.baztan.eus\/wp-content\/uploads\/2025\/02\/INACTIVIDAD_EUS_CAS-100.jpg'><img loading=\"lazy\" decoding=\"async\" width=\"725\" height=\"1024\" src=\"https:\/\/www.baztan.eus\/wp-content\/uploads\/2025\/02\/INACTIVIDAD_EUS_CAS-100-725x1024.jpg\" class=\"attachment-large size-large\" alt=\"\" srcset=\"https:\/\/www.baztan.eus\/wp-content\/uploads\/2025\/02\/INACTIVIDAD_EUS_CAS-100-725x1024.jpg 725w, https:\/\/www.baztan.eus\/wp-content\/uploads\/2025\/02\/INACTIVIDAD_EUS_CAS-100-212x300.jpg 212w, https:\/\/www.baztan.eus\/wp-content\/uploads\/2025\/02\/INACTIVIDAD_EUS_CAS-100-768x1085.jpg 768w, https:\/\/www.baztan.eus\/wp-content\/uploads\/2025\/02\/INACTIVIDAD_EUS_CAS-100-81x115.jpg 81w, https:\/\/www.baztan.eus\/wp-content\/uploads\/2025\/02\/INACTIVIDAD_EUS_CAS-100.jpg 843w\" sizes=\"auto, (max-width: 725px) 100vw, 725px\" data-attachment-id=\"23983\" data-orig-file=\"https:\/\/www.baztan.eus\/wp-content\/uploads\/2025\/02\/INACTIVIDAD_EUS_CAS-100.jpg\" data-orig-size=\"843,1191\" data-comments-opened=\"0\" data-image-meta=\"{&quot;aperture&quot;:&quot;0&quot;,&quot;credit&quot;:&quot;&quot;,&quot;camera&quot;:&quot;&quot;,&quot;caption&quot;:&quot;&quot;,&quot;created_timestamp&quot;:&quot;0&quot;,&quot;copyright&quot;:&quot;&quot;,&quot;focal_length&quot;:&quot;0&quot;,&quot;iso&quot;:&quot;0&quot;,&quot;shutter_speed&quot;:&quot;0&quot;,&quot;title&quot;:&quot;&quot;,&quot;orientation&quot;:&quot;0&quot;,&quot;keywords&quot;:&quot;Array&quot;}\" data-image-title=\"INACTIVIDAD_EUS_CAS-100\" data-image-description=\"\" data-medium-file=\"https:\/\/www.baztan.eus\/wp-content\/uploads\/2025\/02\/INACTIVIDAD_EUS_CAS-100-212x300.jpg\" data-large-file=\"https:\/\/www.baztan.eus\/wp-content\/uploads\/2025\/02\/INACTIVIDAD_EUS_CAS-100-725x1024.jpg\" \/><\/a>\n\t\t\t<\/div><\/figure><figure class='gallery-item'>\n\t\t\t<div class='gallery-icon portrait'>\n\t\t\t\t<a href='https:\/\/www.baztan.eus\/wp-content\/uploads\/2025\/02\/SALARIAL_EUS_CAS-100.jpg'><img loading=\"lazy\" decoding=\"async\" width=\"725\" height=\"1024\" src=\"https:\/\/www.baztan.eus\/wp-content\/uploads\/2025\/02\/SALARIAL_EUS_CAS-100-725x1024.jpg\" class=\"attachment-large size-large\" alt=\"\" srcset=\"https:\/\/www.baztan.eus\/wp-content\/uploads\/2025\/02\/SALARIAL_EUS_CAS-100-725x1024.jpg 725w, https:\/\/www.baztan.eus\/wp-content\/uploads\/2025\/02\/SALARIAL_EUS_CAS-100-212x300.jpg 212w, https:\/\/www.baztan.eus\/wp-content\/uploads\/2025\/02\/SALARIAL_EUS_CAS-100-768x1085.jpg 768w, https:\/\/www.baztan.eus\/wp-content\/uploads\/2025\/02\/SALARIAL_EUS_CAS-100-81x115.jpg 81w, https:\/\/www.baztan.eus\/wp-content\/uploads\/2025\/02\/SALARIAL_EUS_CAS-100.jpg 843w\" sizes=\"auto, (max-width: 725px) 100vw, 725px\" data-attachment-id=\"23985\" data-orig-file=\"https:\/\/www.baztan.eus\/wp-content\/uploads\/2025\/02\/SALARIAL_EUS_CAS-100.jpg\" data-orig-size=\"843,1191\" data-comments-opened=\"0\" data-image-meta=\"{&quot;aperture&quot;:&quot;0&quot;,&quot;credit&quot;:&quot;&quot;,&quot;camera&quot;:&quot;&quot;,&quot;caption&quot;:&quot;&quot;,&quot;created_timestamp&quot;:&quot;0&quot;,&quot;copyright&quot;:&quot;&quot;,&quot;focal_length&quot;:&quot;0&quot;,&quot;iso&quot;:&quot;0&quot;,&quot;shutter_speed&quot;:&quot;0&quot;,&quot;title&quot;:&quot;&quot;,&quot;orientation&quot;:&quot;0&quot;,&quot;keywords&quot;:&quot;Array&quot;}\" data-image-title=\"SALARIAL_EUS_CAS-100\" data-image-description=\"\" data-medium-file=\"https:\/\/www.baztan.eus\/wp-content\/uploads\/2025\/02\/SALARIAL_EUS_CAS-100-212x300.jpg\" data-large-file=\"https:\/\/www.baztan.eus\/wp-content\/uploads\/2025\/02\/SALARIAL_EUS_CAS-100-725x1024.jpg\" \/><\/a>\n\t\t\t<\/div><\/figure><figure class='gallery-item'>\n\t\t\t<div class='gallery-icon portrait'>\n\t\t\t\t<a href='https:\/\/www.baztan.eus\/wp-content\/uploads\/2025\/02\/STEM_EUS_CAS-100.jpg'><img loading=\"lazy\" decoding=\"async\" width=\"725\" height=\"1024\" src=\"https:\/\/www.baztan.eus\/wp-content\/uploads\/2025\/02\/STEM_EUS_CAS-100-725x1024.jpg\" class=\"attachment-large size-large\" alt=\"\" srcset=\"https:\/\/www.baztan.eus\/wp-content\/uploads\/2025\/02\/STEM_EUS_CAS-100-725x1024.jpg 725w, https:\/\/www.baztan.eus\/wp-content\/uploads\/2025\/02\/STEM_EUS_CAS-100-212x300.jpg 212w, https:\/\/www.baztan.eus\/wp-content\/uploads\/2025\/02\/STEM_EUS_CAS-100-768x1085.jpg 768w, https:\/\/www.baztan.eus\/wp-content\/uploads\/2025\/02\/STEM_EUS_CAS-100-81x115.jpg 81w, https:\/\/www.baztan.eus\/wp-content\/uploads\/2025\/02\/STEM_EUS_CAS-100.jpg 843w\" sizes=\"auto, (max-width: 725px) 100vw, 725px\" data-attachment-id=\"23986\" data-orig-file=\"https:\/\/www.baztan.eus\/wp-content\/uploads\/2025\/02\/STEM_EUS_CAS-100.jpg\" data-orig-size=\"843,1191\" data-comments-opened=\"0\" data-image-meta=\"{&quot;aperture&quot;:&quot;0&quot;,&quot;credit&quot;:&quot;&quot;,&quot;camera&quot;:&quot;&quot;,&quot;caption&quot;:&quot;&quot;,&quot;created_timestamp&quot;:&quot;0&quot;,&quot;copyright&quot;:&quot;&quot;,&quot;focal_length&quot;:&quot;0&quot;,&quot;iso&quot;:&quot;0&quot;,&quot;shutter_speed&quot;:&quot;0&quot;,&quot;title&quot;:&quot;&quot;,&quot;orientation&quot;:&quot;0&quot;,&quot;keywords&quot;:&quot;Array&quot;}\" data-image-title=\"STEM_EUS_CAS-100\" data-image-description=\"\" data-medium-file=\"https:\/\/www.baztan.eus\/wp-content\/uploads\/2025\/02\/STEM_EUS_CAS-100-212x300.jpg\" data-large-file=\"https:\/\/www.baztan.eus\/wp-content\/uploads\/2025\/02\/STEM_EUS_CAS-100-725x1024.jpg\" \/><\/a>\n\t\t\t<\/div><\/figure><figure class='gallery-item'>\n\t\t\t<div class='gallery-icon portrait'>\n\t\t\t\t<a href='https:\/\/www.baztan.eus\/wp-content\/uploads\/2025\/02\/VERTICAL_EUS_CAS-100.jpg'><img loading=\"lazy\" decoding=\"async\" width=\"725\" height=\"1024\" src=\"https:\/\/www.baztan.eus\/wp-content\/uploads\/2025\/02\/VERTICAL_EUS_CAS-100-725x1024.jpg\" class=\"attachment-large size-large\" alt=\"\" srcset=\"https:\/\/www.baztan.eus\/wp-content\/uploads\/2025\/02\/VERTICAL_EUS_CAS-100-725x1024.jpg 725w, https:\/\/www.baztan.eus\/wp-content\/uploads\/2025\/02\/VERTICAL_EUS_CAS-100-212x300.jpg 212w, https:\/\/www.baztan.eus\/wp-content\/uploads\/2025\/02\/VERTICAL_EUS_CAS-100-768x1085.jpg 768w, https:\/\/www.baztan.eus\/wp-content\/uploads\/2025\/02\/VERTICAL_EUS_CAS-100-81x115.jpg 81w, https:\/\/www.baztan.eus\/wp-content\/uploads\/2025\/02\/VERTICAL_EUS_CAS-100.jpg 843w\" sizes=\"auto, (max-width: 725px) 100vw, 725px\" data-attachment-id=\"23987\" data-orig-file=\"https:\/\/www.baztan.eus\/wp-content\/uploads\/2025\/02\/VERTICAL_EUS_CAS-100.jpg\" data-orig-size=\"843,1191\" data-comments-opened=\"0\" data-image-meta=\"{&quot;aperture&quot;:&quot;0&quot;,&quot;credit&quot;:&quot;&quot;,&quot;camera&quot;:&quot;&quot;,&quot;caption&quot;:&quot;&quot;,&quot;created_timestamp&quot;:&quot;0&quot;,&quot;copyright&quot;:&quot;&quot;,&quot;focal_length&quot;:&quot;0&quot;,&quot;iso&quot;:&quot;0&quot;,&quot;shutter_speed&quot;:&quot;0&quot;,&quot;title&quot;:&quot;&quot;,&quot;orientation&quot;:&quot;0&quot;,&quot;keywords&quot;:&quot;Array&quot;}\" data-image-title=\"VERTICAL_EUS_CAS-100\" data-image-description=\"\" data-medium-file=\"https:\/\/www.baztan.eus\/wp-content\/uploads\/2025\/02\/VERTICAL_EUS_CAS-100-212x300.jpg\" data-large-file=\"https:\/\/www.baztan.eus\/wp-content\/uploads\/2025\/02\/VERTICAL_EUS_CAS-100-725x1024.jpg\" \/><\/a>\n\t\t\t<\/div><\/figure>\n\t\t<\/div>\n\n","protected":false},"author":3,"featured_media":23970,"template":"","format":"standard","meta":{"_wpml_word_count":["{\"total\":325,\"to_translate\":{\"es\":325}}"],"imagenslia":[""],"subti":[""],"barra":["general"],"mostrar_barra":["1"],"_edit_lock":["1740744421:3"],"_edit_last":["3"],"_exactmetrics_sitenote_active":["0"],"_thumbnail_id":["23970"]},"class_list":["post-23978","noticias","type-noticias","status-publish","format-standard","has-post-thumbnail","hentry","categorianoticias-actualidad","categorianoticias-zerbitzuak-es"],"_links":{"self":[{"href":"https:\/\/www.baztan.eus\/es\/wp-json\/wp\/v2\/noticias\/23978","targetHints":{"allow":["GET"]}}],"collection":[{"href":"https:\/\/www.baztan.eus\/es\/wp-json\/wp\/v2\/noticias"}],"about":[{"href":"https:\/\/www.baztan.eus\/es\/wp-json\/wp\/v2\/types\/noticias"}],"author":[{"embeddable":true,"href":"https:\/\/www.baztan.eus\/es\/wp-json\/wp\/v2\/users\/3"}],"wp:featuredmedia":[{"embeddable":true,"href":"https:\/\/www.baztan.eus\/es\/wp-json\/wp\/v2\/media\/23970"}],"wp:attachment":[{"href":"https:\/\/www.baztan.eus\/es\/wp-json\/wp\/v2\/media?parent=23978"}],"curies":[{"name":"wp","href":"https:\/\/api.w.org\/{rel}","templated":true}]}}