{"id":24129,"date":"2025-03-31T11:56:37","date_gmt":"2025-03-31T11:56:37","guid":{"rendered":"https:\/\/www.baztan.eus\/?post_type=noticias&#038;p=24129"},"modified":"2025-04-25T11:30:24","modified_gmt":"2025-04-25T11:30:24","slug":"se-abre-el-plazo-de-solicitudes-de-uso-del-espacio-de-coworking-en-la-casa-de-cultura-arizkunenea","status":"publish","type":"noticias","link":"https:\/\/www.baztan.eus\/es\/noticias\/se-abre-el-plazo-de-solicitudes-de-uso-del-espacio-de-coworking-en-la-casa-de-cultura-arizkunenea\/","title":{"rendered":"SE ABRE EL PLAZO DE SOLICITUDES DE USO DEL ESPACIO DE TRABAJO COMPARTIDO O \u00abCOWORKING\u00bb EN LA CASA DE CULTURA ARIZKUNENEA"},"content":{"rendered":"<p>Se anuncia la apertura del plazo para la presentaci\u00f3n de solicitudes de uso del espacio de coworking en la Casa de Cultura de Baztan. Seg\u00fan lo publicado en el Bolet\u00edn Oficial de Navarra n\u00famero 45, de fecha 6 de marzo de 2025, y de acuerdo con la resoluci\u00f3n de alcald\u00eda, el plazo de presentaci\u00f3n ser\u00e1 de veinte d\u00edas naturales, contados a partir del d\u00eda siguiente al de la publicaci\u00f3n de este anuncio en la p\u00e1gina web municipal.<\/p>\n<p><a href=\"https:\/\/www.baztan.eus\/wp-content\/uploads\/2025\/03\/Arizkunenea_Kultur_Etxean_coworking_aretoak_erabiltzeko_eskaerak_aurkezteko_epea_irekitzeko_ebazpena.pdf\" class=\"mtli_attachment mtli_pdf\">Arizkunenea_Kultur_Etxean_coworking_aretoak_erabiltzeko_eskaerak_aurkezteko_epea_irekitzeko_ebazpena<\/a><\/p>\n<p><a href=\"https:\/\/bon.navarra.es\/es\/anuncio\/-\/texto\/2025\/45\/56\">https:\/\/bon.navarra.es\/es\/anuncio\/-\/texto\/2025\/45\/56<\/a><\/p>\n<p><a href=\"https:\/\/www.baztan.eus\/wp-content\/uploads\/2025\/04\/Coworking-eskaera-orria-ELEBIZ.pdf\" class=\"mtli_attachment mtli_pdf\">https:\/\/www.baztan.eus\/wp-content\/uploads\/2025\/04\/Coworking-eskaera-orria-ELEBIZ.pdf<\/a><\/p>\n<p><a href=\"https:\/\/www.baztan.eus\/wp-content\/uploads\/2025\/03\/Kultura_Etxean_coworking_plazak_esleitzeko_ebazpena_lortutako_puntuazioaren_arabera_Ebazpena__-_SEFY.pdf\" class=\"mtli_attachment mtli_pdf\">Resoluci\u00f3n adjudicaci\u00f3n de plazas seg\u00fan puntuaci\u00f3n de espacios de trabajo compartido.pdf<\/a><\/p>\n<p>&nbsp;<\/p>\n","protected":false},"author":9,"featured_media":24128,"template":"","format":"standard","meta":{"_wpml_word_count":["{\"total\":0,\"to_translate\":{\"eu\":2,\"es\":2}}"],"_edit_lock":["1745580514:9"],"_edit_last":["9"],"barra":["general"],"imagenslia":[""],"subti":[""],"_thumbnail_id":["24128"],"mostrar_barra":["1"],"_exactmetrics_sitenote_active":["0"]},"class_list":["post-24129","noticias","type-noticias","status-publish","format-standard","has-post-thumbnail","hentry"],"_links":{"self":[{"href":"https:\/\/www.baztan.eus\/es\/wp-json\/wp\/v2\/noticias\/24129","targetHints":{"allow":["GET"]}}],"collection":[{"href":"https:\/\/www.baztan.eus\/es\/wp-json\/wp\/v2\/noticias"}],"about":[{"href":"https:\/\/www.baztan.eus\/es\/wp-json\/wp\/v2\/types\/noticias"}],"author":[{"embeddable":true,"href":"https:\/\/www.baztan.eus\/es\/wp-json\/wp\/v2\/users\/9"}],"wp:featuredmedia":[{"embeddable":true,"href":"https:\/\/www.baztan.eus\/es\/wp-json\/wp\/v2\/media\/24128"}],"wp:attachment":[{"href":"https:\/\/www.baztan.eus\/es\/wp-json\/wp\/v2\/media?parent=24129"}],"curies":[{"name":"wp","href":"https:\/\/api.w.org\/{rel}","templated":true}]}}