{"id":24158,"date":"2025-04-02T07:52:39","date_gmt":"2025-04-02T07:52:39","guid":{"rendered":"https:\/\/www.baztan.eus\/?post_type=noticias&#038;p=24158"},"modified":"2025-04-02T07:52:39","modified_gmt":"2025-04-02T07:52:39","slug":"y-los-hombres-que-una-invitacion-a-reflexionar-y-actuar-por-la-igualdad","status":"publish","type":"noticias","link":"https:\/\/www.baztan.eus\/es\/noticias\/y-los-hombres-que-una-invitacion-a-reflexionar-y-actuar-por-la-igualdad\/","title":{"rendered":"Y LOS HOMBRES, \u00bfQU\u00c9? una invitaci\u00f3n a reflexionar y actuar por la igualdad"},"content":{"rendered":"<p>Desde los Servicios de Igualdad de Baztan y Bortziriak, queremos hacer una invitaci\u00f3n especial a toda la comunidad, y en particular a los hombres*, para que se unan a la actividad \u00abY los hombres, \u00bfqu\u00e9?\u00bb. Este es un espacio pensado para reflexionar y actuar a favor de la igualdad y para erradicar las violencias machistas.<\/p>\n<p>Contaremos con el apoyo de Eraikiz, hombres construyendo igualdad, y la iniciativa incluir\u00e1 dos tipos de encuentros en cada zona:<\/p>\n<p><strong><em><a href=\"https:\/\/www.baztan.eus\/wp-content\/uploads\/2025\/03\/Kartel-DEF.jpg\" target=\"_blank\" rel=\"noopener\"><img loading=\"lazy\" decoding=\"async\" class=\"wp-image-24097 size-large aligncenter\" src=\"https:\/\/www.baztan.eus\/wp-content\/uploads\/2025\/03\/Kartel-DEF-724x1024.jpg\" alt=\"\" width=\"724\" height=\"1024\" srcset=\"https:\/\/www.baztan.eus\/wp-content\/uploads\/2025\/03\/Kartel-DEF-724x1024.jpg 724w, https:\/\/www.baztan.eus\/wp-content\/uploads\/2025\/03\/Kartel-DEF-212x300.jpg 212w, https:\/\/www.baztan.eus\/wp-content\/uploads\/2025\/03\/Kartel-DEF-768x1086.jpg 768w, https:\/\/www.baztan.eus\/wp-content\/uploads\/2025\/03\/Kartel-DEF-1086x1536.jpg 1086w, https:\/\/www.baztan.eus\/wp-content\/uploads\/2025\/03\/Kartel-DEF-1448x2048.jpg 1448w, https:\/\/www.baztan.eus\/wp-content\/uploads\/2025\/03\/Kartel-DEF-81x115.jpg 81w, https:\/\/www.baztan.eus\/wp-content\/uploads\/2025\/03\/Kartel-DEF.jpg 1754w\" sizes=\"auto, (max-width: 724px) 100vw, 724px\" \/><\/a><br \/>\n<\/em><\/strong><\/p>\n<p><strong><u>Charlas abiertas a toda la ciudadan\u00eda<\/u><\/strong>, en las que conoceremos experiencias desarrolladas con hombres* en Navarra para promover un papel activo de los hombres* en la promoci\u00f3n de la igualdad y en la eliminaci\u00f3n de las violencias machistas en nuestros municipios, para lograr una sociedad m\u00e1s igualitaria.<\/p>\n<ul>\n<li><u>Bera<\/u>: viernes 4 de abril, a las 18:00, en Beralandeta.<\/li>\n<li><u>Elizondo<\/u>: viernes 11 de abril, a las 17:30, en Arizkunenea.<\/li>\n<\/ul>\n<p><strong><u>Reuniones para hombres*<\/u><\/strong>, para quienes deseen explorar c\u00f3mo organizarse para trabajar en la promoci\u00f3n de la igualdad. Ser\u00e1 un espacio de di\u00e1logo para hombres* j\u00f3venes y adultos donde podremos decidir c\u00f3mo comprometernos: \u00bfde manera aut\u00f3noma o con apoyo profesional? \u00bfa trav\u00e9s de talleres o encuentros peri\u00f3dicos? \u00bfc\u00f3mo y qu\u00e9 temas queremos abordar? \u00bfen qu\u00e9 queremos centrarnos? \u00bfdesde qu\u00e9 \u00f3ptica?<\/p>\n<ul>\n<li><u>Bera<\/u>: s\u00e1bado 10 de mayo, de 10:00 a 12:30, en Beralandeta.<\/li>\n<li><u>Elizondo<\/u>: s\u00e1bado 17 de mayo, de 10:00 a 12:30, en Arizkunenea.<\/li>\n<\/ul>\n<p>Desde los Servicios de Igualdad animamos a todos los hombres* de Xareta, Baztan, Bertizarana, Malerreka y Bortziriak a participar en este proceso y colaborar activa y colectivamente en la transformaci\u00f3n feminista hacia una sociedad m\u00e1s igualitaria.<\/p>\n<p>M\u00e1s informaci\u00f3n e inscripciones a las reuniones a trav\u00e9s de los siguientes contactos:<br \/>\n<strong>Para la sesi\u00f3n en Bera (10 de mayo)<\/strong>: Servicio de Igualdad de Bortziriak<\/p>\n<p><a href=\"mailto:berdintasuna@bortziriakberd.eus\">berdintasuna@bortziriakberd.eus<\/a>\u00a0 \u00a0 <strong>722 69 30 78<\/strong><\/p>\n<p><strong>Para la sesi\u00f3n en Elizondo (17 de mayo)<\/strong>: Servicio de Igualdad de Baztan<\/p>\n<p><a href=\"mailto:berdintasuna@baztan.eus\">berdintasuna@baztan.eus<\/a>\u00a0 \u00a0 <strong>613 00 36 34<\/strong><\/p>\n<p>Porque la igualdad no es solo un asunto de mujeres, \u00a1os esperamos!<\/p>\n","protected":false},"author":3,"featured_media":24098,"template":"","format":"standard","meta":{"_wpml_word_count":["{\"total\":261,\"to_translate\":{\"es\":261}}"],"imagenslia":[""],"subti":["Desde los Servicios de Igualdad animamos a todos los hombres* de Xareta, Baztan, Bertizarana, Malerreka y Bortziriak a participar en este proceso y colaborar activa y colectivamente en la transformaci\u00f3n feminista hacia una sociedad m\u00e1s igualitaria."],"barra":["general"],"mostrar_barra":["1"],"_edit_lock":["1743580234:3"],"_edit_last":["3"],"_thumbnail_id":["24098"],"_exactmetrics_sitenote_active":["0"]},"class_list":["post-24158","noticias","type-noticias","status-publish","format-standard","has-post-thumbnail","hentry","categorianoticias-actualidad","categorianoticias-zerbitzuak-es"],"_links":{"self":[{"href":"https:\/\/www.baztan.eus\/es\/wp-json\/wp\/v2\/noticias\/24158","targetHints":{"allow":["GET"]}}],"collection":[{"href":"https:\/\/www.baztan.eus\/es\/wp-json\/wp\/v2\/noticias"}],"about":[{"href":"https:\/\/www.baztan.eus\/es\/wp-json\/wp\/v2\/types\/noticias"}],"author":[{"embeddable":true,"href":"https:\/\/www.baztan.eus\/es\/wp-json\/wp\/v2\/users\/3"}],"wp:featuredmedia":[{"embeddable":true,"href":"https:\/\/www.baztan.eus\/es\/wp-json\/wp\/v2\/media\/24098"}],"wp:attachment":[{"href":"https:\/\/www.baztan.eus\/es\/wp-json\/wp\/v2\/media?parent=24158"}],"curies":[{"name":"wp","href":"https:\/\/api.w.org\/{rel}","templated":true}]}}