{"id":24369,"date":"2025-04-28T09:00:36","date_gmt":"2025-04-28T09:00:36","guid":{"rendered":"https:\/\/www.baztan.eus\/?post_type=noticias&#038;p=24369"},"modified":"2025-04-28T09:03:44","modified_gmt":"2025-04-28T09:03:44","slug":"kuir-escape-room","status":"publish","type":"noticias","link":"https:\/\/www.baztan.eus\/es\/noticias\/kuir-escape-room\/","title":{"rendered":"\u201cKUIR\u201d escape room: divertido para peques y j\u00f3venes en Arizkunenea"},"content":{"rendered":"<p><a href=\"https:\/\/www.baztan.eus\/wp-content\/uploads\/2025\/04\/KUIR-ihes-gela-Kartela.jpg\" target=\"_blank\" rel=\"noopener\"><img loading=\"lazy\" decoding=\"async\" class=\"alignleft wp-image-24367 size-medium\" src=\"https:\/\/www.baztan.eus\/wp-content\/uploads\/2025\/04\/KUIR-ihes-gela-Kartela-212x300.jpg\" alt=\"\" width=\"212\" height=\"300\" srcset=\"https:\/\/www.baztan.eus\/wp-content\/uploads\/2025\/04\/KUIR-ihes-gela-Kartela-212x300.jpg 212w, https:\/\/www.baztan.eus\/wp-content\/uploads\/2025\/04\/KUIR-ihes-gela-Kartela-724x1024.jpg 724w, https:\/\/www.baztan.eus\/wp-content\/uploads\/2025\/04\/KUIR-ihes-gela-Kartela-768x1086.jpg 768w, https:\/\/www.baztan.eus\/wp-content\/uploads\/2025\/04\/KUIR-ihes-gela-Kartela-1086x1536.jpg 1086w, https:\/\/www.baztan.eus\/wp-content\/uploads\/2025\/04\/KUIR-ihes-gela-Kartela-81x115.jpg 81w, https:\/\/www.baztan.eus\/wp-content\/uploads\/2025\/04\/KUIR-ihes-gela-Kartela.jpg 1241w\" sizes=\"auto, (max-width: 212px) 100vw, 212px\" \/><\/a><\/p>\n<p>El Servicio de Igualdad del Ayuntamiento de Baztan ha organizado una actividad especial y din\u00e1mica llamada \u201c<strong>KUIR ihes gela<\/strong>\u201d, que tendr\u00e1 lugar el <strong>jueves<\/strong> <strong>15 de mayo, a las 18:00 horas, en la planta baja de Arizkunenea<\/strong>. La actividad est\u00e1 dirigida a <strong>ni\u00f1os, ni\u00f1as y ni\u00f1es de entre 8 y 12 a\u00f1os<\/strong>, y para participar es imprescindible inscribirse previamente.<\/p>\n<p>Este escape room se celebra en el marco del <strong>D\u00eda Internacional contra la LGTBIQA+fobia<\/strong>, que se conmemora el 17 de mayo, con el objetivo de que los m\u00e1s j\u00f3venes vivan y comprendan la diversidad, el respeto y la cooperaci\u00f3n como valores positivos, a trav\u00e9s del juego y el trabajo en equipo.<\/p>\n<p>El proyecto \u201cKUIR\u201d naci\u00f3 en 2024 para acercar la realidad de las personas LGTBIQA+ de nuestro entorno, y ofrecer propuestas activas y cooperativas para afrontarla desde una mirada constructiva.<\/p>\n<p>Durante la actividad, las, los y les participantes deber\u00e1n buscar pistas, superar retos y colaborar entre ellas, ellos y elles para poder \u201cescapar\u201d con \u00e9xito.<\/p>\n<p>&nbsp;<\/p>\n<p><strong>La inscripci\u00f3n es obligatoria:<\/strong><\/p>\n<p>613 003 634<br \/>\n<a href=\"mailto:berdintasuna@baztan.eus\">berdintasuna@baztan.eus<\/a><\/p>\n<p>\u00a1An\u00edmate a participar! Ser\u00e1 una tarde llena de aventuras, reflexi\u00f3n y mucha diversi\u00f3n.<\/p>\n","protected":false},"author":3,"featured_media":0,"template":"","format":"standard","meta":{"_wpml_word_count":["{\"total\":144,\"to_translate\":{\"es\":144}}"],"imagenslia":[""],"subti":["El Servicio de Igualdad del Ayuntamiento de Baztan ha organizado una actividad especial y din\u00e1mica llamada \u201cKUIR ihes gela\u201d, que tendr\u00e1 lugar el jueves 15 de mayo, a las 18:00 horas, en la planta baja de Arizkunenea. La actividad est\u00e1 dirigida a ni\u00f1os, ni\u00f1as y ni\u00f1es de entre 8 y 12 a\u00f1os, y para participar es imprescindible inscribirse previamente."],"barra":["general"],"mostrar_barra":["1"],"_edit_lock":["1745831606:3"],"_edit_last":["3"],"_exactmetrics_sitenote_active":["0"],"_wp_old_slug":["kuir-escape-room-divertido-para-peques-y-jovenes-en-arizkunenea"]},"class_list":["post-24369","noticias","type-noticias","status-publish","format-standard","hentry","categorianoticias-actualidad","categorianoticias-zerbitzuak-es"],"_links":{"self":[{"href":"https:\/\/www.baztan.eus\/es\/wp-json\/wp\/v2\/noticias\/24369","targetHints":{"allow":["GET"]}}],"collection":[{"href":"https:\/\/www.baztan.eus\/es\/wp-json\/wp\/v2\/noticias"}],"about":[{"href":"https:\/\/www.baztan.eus\/es\/wp-json\/wp\/v2\/types\/noticias"}],"author":[{"embeddable":true,"href":"https:\/\/www.baztan.eus\/es\/wp-json\/wp\/v2\/users\/3"}],"wp:attachment":[{"href":"https:\/\/www.baztan.eus\/es\/wp-json\/wp\/v2\/media?parent=24369"}],"curies":[{"name":"wp","href":"https:\/\/api.w.org\/{rel}","templated":true}]}}