{"id":24392,"date":"2025-04-30T08:51:26","date_gmt":"2025-04-30T08:51:26","guid":{"rendered":"https:\/\/www.baztan.eus\/?post_type=noticias&#038;p=24392"},"modified":"2025-04-30T08:55:54","modified_gmt":"2025-04-30T08:55:54","slug":"ciclo-amartean-maternidades","status":"publish","type":"noticias","link":"https:\/\/www.baztan.eus\/es\/noticias\/ciclo-amartean-maternidades\/","title":{"rendered":"El Ayuntamiento de Baztan pone en marcha el ciclo \u201cAMArtean\u201d: un espacio abierto de reflexi\u00f3n colectiva en torno a las maternidades"},"content":{"rendered":"<p>Los Servicios Sociales de Base y el Servicio de Igualdad del Ayuntamiento de Baztan, presentan el ciclo de actividades <strong>\u201cAMArtean\u201d<\/strong>, una propuesta que nace con vocaci\u00f3n de crear un espacio de encuentro, reflexi\u00f3n y sensibilizaci\u00f3n en torno a las diferentes experiencias de ser madre. Se trata de un ciclo de charlas y actividades culturales abiertas a toda la ciudadan\u00eda, con un enfoque vivencial, corporal y literario, que busca generar v\u00ednculos y pensamiento cr\u00edtico en torno a las maternidades contempor\u00e1neas.<\/p>\n<p>A trav\u00e9s de <strong>seis actividades<\/strong> distribuidas entre primavera y oto\u00f1o, y con la participaci\u00f3n de autoras, fot\u00f3grafas, actrices y especialistas, se abordar\u00e1n temas como la violencia obst\u00e9trica, la conciliaci\u00f3n, el autocuidado o la diversidad de experiencias maternas. Todo ello se completar\u00e1 en octubre con una <strong>reuni\u00f3n abierta a madres interesadas<\/strong> en constituir un grupo estable de trabajo y apoyo mutuo.<\/p>\n<h3><strong>Un arranque primaveral para repensar la maternidad<\/strong><\/h3>\n<p><a href=\"https:\/\/www.baztan.eus\/wp-content\/uploads\/2025\/04\/AMArtean_kartelak-A3-1.jpg\" target=\"_blank\" rel=\"noopener\"><img loading=\"lazy\" decoding=\"async\" class=\"alignleft wp-image-24389 size-medium\" src=\"https:\/\/www.baztan.eus\/wp-content\/uploads\/2025\/04\/AMArtean_kartelak-A3-1-212x300.jpg\" alt=\"\" width=\"212\" height=\"300\" srcset=\"https:\/\/www.baztan.eus\/wp-content\/uploads\/2025\/04\/AMArtean_kartelak-A3-1-212x300.jpg 212w, https:\/\/www.baztan.eus\/wp-content\/uploads\/2025\/04\/AMArtean_kartelak-A3-1-724x1024.jpg 724w, https:\/\/www.baztan.eus\/wp-content\/uploads\/2025\/04\/AMArtean_kartelak-A3-1-768x1086.jpg 768w, https:\/\/www.baztan.eus\/wp-content\/uploads\/2025\/04\/AMArtean_kartelak-A3-1-1086x1536.jpg 1086w, https:\/\/www.baztan.eus\/wp-content\/uploads\/2025\/04\/AMArtean_kartelak-A3-1-1448x2048.jpg 1448w, https:\/\/www.baztan.eus\/wp-content\/uploads\/2025\/04\/AMArtean_kartelak-A3-1-81x115.jpg 81w, https:\/\/www.baztan.eus\/wp-content\/uploads\/2025\/04\/AMArtean_kartelak-A3-1.jpg 1754w\" sizes=\"auto, (max-width: 212px) 100vw, 212px\" \/><\/a>El ciclo comienza esta primavera con <strong>tres propuestas de sensibilizaci\u00f3n<\/strong>:<\/p>\n<ul>\n<li><strong>\u00abUn repaso a la maternidad\u00bb<\/strong> | Charla con <strong>Estitxu Fernandez<\/strong><br \/>\n<em>13 de mayo<\/em> | <em>17:00-19:00<\/em> | <em>Sala de conferencias de Arizkunenea<\/em><br \/>\nLa autora repasar\u00e1 sus tres obras clave sobre la maternidad: <em>Gure erditzearen jabe<\/em> (2013), <em>M ama, eme, ume<\/em> (2022) y <em>Sortze berri bat<\/em> (2023), abriendo el di\u00e1logo sobre el cuerpo, el parto y los v\u00ednculos.<\/li>\n<li><strong>\u00abLotura Basatiak\u00bb<\/strong> | Teatro-performance<br \/>\n<em>25 de mayo (domingo)<\/em> | <em>18:00<\/em> | <em>Teatro de Irurita<\/em><br \/>\nUna propuesta esc\u00e9nica impactante que explora los lazos invisibles y salvajes que la maternidad entreteje.<\/li>\n<li><strong>\u00abAma ta Asunak\u00bb<\/strong> | Exposici\u00f3n y proyecci\u00f3n fotogr\u00e1fica con <strong>June Baonza Pagaldai<\/strong><br \/>\n<em>12 de junio<\/em> | <em>17:30-20:30<\/em> | <em>3\u00ba piso de Arizkunenea<\/em><br \/>\nUn trabajo visual \u00edntimo y po\u00e9tico sobre las relaciones madre-hija, la memoria y la identidad.<\/li>\n<\/ul>\n<p>&nbsp;<\/p>\n<h3><strong>Oto\u00f1o: maternidades y cuidados desde una perspectiva formativa<\/strong><\/h3>\n<p>Tras el verano, el ciclo contin\u00faa con tres <strong>charlas de car\u00e1cter formativo<\/strong>:<a href=\"https:\/\/www.baztan.eus\/wp-content\/uploads\/2025\/04\/AMArtean_kartelak-A3-2.jpg\" target=\"_blank\" rel=\"noopener\"><img loading=\"lazy\" decoding=\"async\" class=\"alignright wp-image-24390 size-medium\" src=\"https:\/\/www.baztan.eus\/wp-content\/uploads\/2025\/04\/AMArtean_kartelak-A3-2-212x300.jpg\" alt=\"\" width=\"212\" height=\"300\" srcset=\"https:\/\/www.baztan.eus\/wp-content\/uploads\/2025\/04\/AMArtean_kartelak-A3-2-212x300.jpg 212w, https:\/\/www.baztan.eus\/wp-content\/uploads\/2025\/04\/AMArtean_kartelak-A3-2-724x1024.jpg 724w, https:\/\/www.baztan.eus\/wp-content\/uploads\/2025\/04\/AMArtean_kartelak-A3-2-768x1086.jpg 768w, https:\/\/www.baztan.eus\/wp-content\/uploads\/2025\/04\/AMArtean_kartelak-A3-2-1086x1536.jpg 1086w, https:\/\/www.baztan.eus\/wp-content\/uploads\/2025\/04\/AMArtean_kartelak-A3-2-1448x2048.jpg 1448w, https:\/\/www.baztan.eus\/wp-content\/uploads\/2025\/04\/AMArtean_kartelak-A3-2-81x115.jpg 81w, https:\/\/www.baztan.eus\/wp-content\/uploads\/2025\/04\/AMArtean_kartelak-A3-2.jpg 1754w\" sizes=\"auto, (max-width: 212px) 100vw, 212px\" \/><\/a><\/p>\n<ul>\n<li><strong>\u00abEl cuento de la conciliaci\u00f3n y la maternidad\u00bb<\/strong> | Con <strong>Berhezi<\/strong><br \/>\n<em>17 de septiembre<\/em> | <em>18:00<\/em> | <em>Sala de conferencias de Arizkunenea<\/em><br \/>\nUna mirada cr\u00edtica sobre las exigencias sociales y laborales que recaen sobre las madres.<\/li>\n<li><strong>\u00abViolencia obst\u00e9trica\u00bb<\/strong> | Con <strong>Estitxu Fernandez Maritxalar<\/strong><br \/>\n<em>23 de septiembre<\/em> | <em>17:00<\/em> | <em>Sala de conferencias de Arizkunenea<\/em><br \/>\nUn abordaje imprescindible sobre una realidad silenciada en los procesos de gestaci\u00f3n y parto.<\/li>\n<li><strong>\u00ab\u00bfC\u00f3mo cuidarse a una misma y en colectivo durante la maternidad?\u00bb<\/strong> | Con la Asociaci\u00f3n <strong>PAREAN<\/strong><br \/>\n<em>8 de octubre<\/em> | <em>18:00<\/em> | <em>Sala de conferencias de Arizkunenea<\/em><br \/>\nUna propuesta para pensar el autocuidado como pr\u00e1ctica individual y comunitaria en la experiencia materna.<\/li>\n<\/ul>\n<h3><strong>Hacia la creaci\u00f3n de un grupo estable de madres<\/strong><\/h3>\n<p>Finalmente, como cierre del ciclo, se celebrar\u00e1 una <strong>reuni\u00f3n abierta a madres<\/strong> interesadas en formar un grupo estable de trabajo, reflexi\u00f3n y apoyo mutuo en torno a las maternidades. Este encuentro ser\u00e1 clave para definir los intereses, objetivos y din\u00e1micas del futuro grupo.<\/p>\n<p><em>21 de octubre<\/em> | <em>17:00<\/em> | <em>Sala de conferencias de Arizkunenea<\/em><\/p>\n<p>&nbsp;<\/p>\n<p><strong>Invitamos a toda la ciudadan\u00eda a participar en este ciclo de actividades. <\/strong>El proyecto \u00ab<strong>AMArtean<\/strong>\u00bb quiere ser un espacio donde todas las vivencias y voces en torno a la maternidad tengan cabida: las que maternan, las que no, las que dudan, las que se sienten solas, las que buscan comunidad.<\/p>\n<p><em>Organiza: Ayuntamiento de Baztan \u2013 Servicios Sociales de Base y Servicio de Igualdad<\/em><\/p>\n","protected":false},"author":3,"featured_media":24391,"template":"","format":"standard","meta":{"_wpml_word_count":["{\"total\":425,\"to_translate\":{\"es\":425}}"],"imagenslia":[""],"subti":["El Ayuntamiento de Baztan, por parte de Servicios Sociales de Base y el Servicio de Igualdad, presenta el ciclo de actividades \u201cAMArtean\u201d, una propuesta que nace con vocaci\u00f3n de crear un espacio de encuentro, reflexi\u00f3n y sensibilizaci\u00f3n en torno a las diferentes experiencias de ser madre. Se trata de un ciclo de charlas y actividades culturales abiertas a toda la ciudadan\u00eda, con un enfoque vivencial, corporal y literario, que busca generar v\u00ednculos y pensamiento cr\u00edtico en torno a las maternidades contempor\u00e1neas."],"barra":["general"],"mostrar_barra":["1"],"_edit_lock":["1746006067:3"],"_edit_last":["3"],"_thumbnail_id":["24391"],"_exactmetrics_sitenote_active":["0"],"_wp_old_slug":["el-ayuntamiento-de-baztan-pone-en-marcha-el-ciclo-amartean-un-espacio-abierto-de-reflexion-colectiva-en-torno-a-las-maternidades"]},"class_list":["post-24392","noticias","type-noticias","status-publish","format-standard","has-post-thumbnail","hentry","categorianoticias-actualidad","categorianoticias-zerbitzuak-es"],"_links":{"self":[{"href":"https:\/\/www.baztan.eus\/es\/wp-json\/wp\/v2\/noticias\/24392","targetHints":{"allow":["GET"]}}],"collection":[{"href":"https:\/\/www.baztan.eus\/es\/wp-json\/wp\/v2\/noticias"}],"about":[{"href":"https:\/\/www.baztan.eus\/es\/wp-json\/wp\/v2\/types\/noticias"}],"author":[{"embeddable":true,"href":"https:\/\/www.baztan.eus\/es\/wp-json\/wp\/v2\/users\/3"}],"wp:featuredmedia":[{"embeddable":true,"href":"https:\/\/www.baztan.eus\/es\/wp-json\/wp\/v2\/media\/24391"}],"wp:attachment":[{"href":"https:\/\/www.baztan.eus\/es\/wp-json\/wp\/v2\/media?parent=24392"}],"curies":[{"name":"wp","href":"https:\/\/api.w.org\/{rel}","templated":true}]}}