{"id":24453,"date":"2025-05-08T09:05:50","date_gmt":"2025-05-08T09:05:50","guid":{"rendered":"https:\/\/www.baztan.eus\/?post_type=noticias&#038;p=24453"},"modified":"2025-05-08T09:07:05","modified_gmt":"2025-05-08T09:07:05","slug":"respaso-a-la-maternidad","status":"publish","type":"noticias","link":"https:\/\/www.baztan.eus\/es\/noticias\/respaso-a-la-maternidad\/","title":{"rendered":"La charla \u00abUn repaso a la maternidad\u00bb abre el ciclo AMArtean con la lesakarra Estitxu Fernandez"},"content":{"rendered":"<p><a href=\"https:\/\/www.baztan.eus\/wp-content\/uploads\/2025\/05\/Estitxu-F-maiatzak-13-KARTELA.jpeg\" target=\"_blank\" rel=\"noopener\"><img loading=\"lazy\" decoding=\"async\" class=\"alignleft wp-image-24452 size-medium\" src=\"https:\/\/www.baztan.eus\/wp-content\/uploads\/2025\/05\/Estitxu-F-maiatzak-13-KARTELA-240x300.jpeg\" alt=\"\" width=\"240\" height=\"300\" srcset=\"https:\/\/www.baztan.eus\/wp-content\/uploads\/2025\/05\/Estitxu-F-maiatzak-13-KARTELA-240x300.jpeg 240w, https:\/\/www.baztan.eus\/wp-content\/uploads\/2025\/05\/Estitxu-F-maiatzak-13-KARTELA-819x1024.jpeg 819w, https:\/\/www.baztan.eus\/wp-content\/uploads\/2025\/05\/Estitxu-F-maiatzak-13-KARTELA-768x960.jpeg 768w, https:\/\/www.baztan.eus\/wp-content\/uploads\/2025\/05\/Estitxu-F-maiatzak-13-KARTELA-1229x1536.jpeg 1229w, https:\/\/www.baztan.eus\/wp-content\/uploads\/2025\/05\/Estitxu-F-maiatzak-13-KARTELA-92x115.jpeg 92w, https:\/\/www.baztan.eus\/wp-content\/uploads\/2025\/05\/Estitxu-F-maiatzak-13-KARTELA.jpeg 1280w\" sizes=\"auto, (max-width: 240px) 100vw, 240px\" \/><\/a><\/p>\n<p>El pr\u00f3ximo 1<strong>3 de mayo a las 17:00 en la sala de conferencias de Arizkunenea<\/strong>, tendr\u00e1 lugar la <strong>charla abierta \u00abUn repaso a la maternidad\u00bb con la escritora Estitxu Fernandez<\/strong>. Esta actividad <strong>da inicio al ciclo AMArtean<\/strong>, una iniciativa de los Servicios Sociales de Base y el Servicio de Igualdad del Ayuntamiento de Baztan para crear espacios de reflexi\u00f3n y encuentro en torno a las maternidades, desde una mirada cr\u00edtica, corporal y comunitaria.<\/p>\n<p>En esta sesi\u00f3n, la autora navarra repasar\u00e1 sus tres obras sobre la experiencia de ser madre: <em>Gure erditzearen jabe<\/em> (2013), <em>M ama, eme, ume<\/em> (2022) y <em>Sortze berri bat<\/em> (2023). A trav\u00e9s de su trayectoria literaria, Fernandez aborda el parto, la crianza y los v\u00ednculos desde una mirada feminista y situada, aportando claves para pensar la maternidad m\u00e1s all\u00e1 de los estereotipos y silencios impuestos.<\/p>\n<p>Conocer estos relatos y reflexionar sobre ellos es fundamental para desmitificar la maternidad como experiencia homog\u00e9nea y universal. Nos permite dar voz a las emociones contradictorias, a los cuerpos atravesados por cambios y expectativas, y abrir espacios seguros para compartir dudas, miedos y certezas. La literatura, como veh\u00edculo de expresi\u00f3n, puede ser una herramienta poderosa para transformar vivencias individuales en saber colectivo.<\/p>\n<p>Animamos a la ciudadan\u00eda a acercarse a esta charla. Repensar la maternidad no es solo una tarea de madres: es una responsabilidad compartida, si queremos construir una sociedad m\u00e1s justa y equitativa. La cita con Estitxu Fernandez ser\u00e1 una oportunidad \u00fanica para escuchar, cuestionar y aprender.<\/p>\n<p>La inscripci\u00f3n no ser\u00e1 necesaria.<\/p>\n","protected":false},"author":3,"featured_media":24391,"template":"","format":"standard","meta":{"_wpml_word_count":["{\"total\":202,\"to_translate\":{\"es\":202}}"],"imagenslia":[""],"subti":["El pr\u00f3ximo 13 de mayo a las 17:00 en la sala de conferencias de Arizkunenea, tendr\u00e1 lugar la charla abierta "],"barra":["general"],"mostrar_barra":["1"],"_edit_lock":["1746705523:3"],"_edit_last":["3"],"_thumbnail_id":["24391"],"_exactmetrics_sitenote_active":["0"],"_wp_old_slug":["la-charla-un-repaso-a-la-maternidad-abre-el-ciclo-amartean-con-la-lesakarra-estitxu-fernandez"]},"class_list":["post-24453","noticias","type-noticias","status-publish","format-standard","has-post-thumbnail","hentry","categorianoticias-actualidad","categorianoticias-zerbitzuak-es"],"_links":{"self":[{"href":"https:\/\/www.baztan.eus\/es\/wp-json\/wp\/v2\/noticias\/24453","targetHints":{"allow":["GET"]}}],"collection":[{"href":"https:\/\/www.baztan.eus\/es\/wp-json\/wp\/v2\/noticias"}],"about":[{"href":"https:\/\/www.baztan.eus\/es\/wp-json\/wp\/v2\/types\/noticias"}],"author":[{"embeddable":true,"href":"https:\/\/www.baztan.eus\/es\/wp-json\/wp\/v2\/users\/3"}],"wp:featuredmedia":[{"embeddable":true,"href":"https:\/\/www.baztan.eus\/es\/wp-json\/wp\/v2\/media\/24391"}],"wp:attachment":[{"href":"https:\/\/www.baztan.eus\/es\/wp-json\/wp\/v2\/media?parent=24453"}],"curies":[{"name":"wp","href":"https:\/\/api.w.org\/{rel}","templated":true}]}}