{"id":24995,"date":"2025-06-11T08:31:16","date_gmt":"2025-06-11T08:31:16","guid":{"rendered":"https:\/\/www.baztan.eus\/?post_type=noticias&#038;p=24995"},"modified":"2025-06-11T08:31:16","modified_gmt":"2025-06-11T08:31:16","slug":"zinegoak-cine-cultura-y-diversidad-en-arizkun","status":"publish","type":"noticias","link":"https:\/\/www.baztan.eus\/es\/noticias\/zinegoak-cine-cultura-y-diversidad-en-arizkun\/","title":{"rendered":"ZINEGOAK: Cine, Cultura y Diversidad en Arizkun"},"content":{"rendered":"<p><a href=\"https:\/\/www.baztan.eus\/wp-content\/uploads\/2025\/05\/Kartela-ZINEGOAK_BAZTAN-web_JPG.jpg\" target=\"_blank\" rel=\"noopener\"><img loading=\"lazy\" decoding=\"async\" class=\"alignleft wp-image-24786\" src=\"https:\/\/www.baztan.eus\/wp-content\/uploads\/2025\/05\/Kartela-ZINEGOAK_BAZTAN-web_JPG-212x300.jpg\" alt=\"\" width=\"269\" height=\"381\" srcset=\"https:\/\/www.baztan.eus\/wp-content\/uploads\/2025\/05\/Kartela-ZINEGOAK_BAZTAN-web_JPG-212x300.jpg 212w, https:\/\/www.baztan.eus\/wp-content\/uploads\/2025\/05\/Kartela-ZINEGOAK_BAZTAN-web_JPG-724x1024.jpg 724w, https:\/\/www.baztan.eus\/wp-content\/uploads\/2025\/05\/Kartela-ZINEGOAK_BAZTAN-web_JPG-768x1086.jpg 768w, https:\/\/www.baztan.eus\/wp-content\/uploads\/2025\/05\/Kartela-ZINEGOAK_BAZTAN-web_JPG-1086x1536.jpg 1086w, https:\/\/www.baztan.eus\/wp-content\/uploads\/2025\/05\/Kartela-ZINEGOAK_BAZTAN-web_JPG-1448x2048.jpg 1448w, https:\/\/www.baztan.eus\/wp-content\/uploads\/2025\/05\/Kartela-ZINEGOAK_BAZTAN-web_JPG-81x115.jpg 81w, https:\/\/www.baztan.eus\/wp-content\/uploads\/2025\/05\/Kartela-ZINEGOAK_BAZTAN-web_JPG.jpg 1754w\" sizes=\"auto, (max-width: 269px) 100vw, 269px\" \/><\/a><\/p>\n<p>&nbsp;<\/p>\n<p>El Servicio de Igualdad del Ayuntamiento de Baztan quiere invitar a toda la ciudadan\u00eda a la proyecci\u00f3n de los cortometrajes del <strong>Festival Internacional de Cine y Artes Esc\u00e9nicas LGTBIQA+ ZINEGOAK<\/strong>.<\/p>\n<ul>\n<li>Mi\u00e9rcoles 18 de junio 18:30h<\/li>\n<li>Arizkun, medikuaren etxea<\/li>\n<\/ul>\n<p>ZINEGOAK es una iniciativa cultural que fomenta la diversidad, la inclusi\u00f3n y el respeto a trav\u00e9s de las obras audiovisuales. En esta proyecci\u00f3n se proyectar\u00e1n cortometrajes internacionales seleccionados, haciendo visible la realidad y vivencias del colectivo LGTBIQA+, y creando un espacio de reflexi\u00f3n colectiva.<\/p>\n<p>Esta actividad se enmarca en el periodo entre el <strong>17 de mayo (D\u00eda contra la LGTBIfobia)<\/strong> y el <strong>28 de junio (D\u00eda del Orgullo)<\/strong>, dentro de una agenda m\u00e1s amplia de acciones y reflexiones que impulsa el Ayuntamiento de Baztan a favor de la diversidad sexual y de g\u00e9nero.<\/p>\n<p>\u00a1Ven, participa y celebra la diversidad a trav\u00e9s de la cultura!<\/p>\n<p>&nbsp;<\/p>\n<p><strong>M\u00e1s informaci\u00f3n:<\/strong><\/p>\n<p><a href=\"https:\/\/www.baztan.eus\/wp-content\/uploads\/2025\/06\/GAZTE.png\" target=\"_blank\" rel=\"noopener\">613 003 634<br \/>\n<\/a><a href=\"mailto:berdintasuna@baztan.eus\">berdintasuna@baztan.eus<\/a><\/p>\n<p><strong><a href=\"https:\/\/www.baztan.eus\/wp-content\/uploads\/2025\/06\/GAZTE.png\" target=\"_blank\" rel=\"noopener\"><img loading=\"lazy\" decoding=\"async\" class=\"alignright wp-image-24996 size-full\" src=\"https:\/\/www.baztan.eus\/wp-content\/uploads\/2025\/06\/GAZTE.png\" alt=\"\" width=\"1598\" height=\"1106\" srcset=\"https:\/\/www.baztan.eus\/wp-content\/uploads\/2025\/06\/GAZTE.png 1598w, https:\/\/www.baztan.eus\/wp-content\/uploads\/2025\/06\/GAZTE-300x208.png 300w, https:\/\/www.baztan.eus\/wp-content\/uploads\/2025\/06\/GAZTE-1024x709.png 1024w, https:\/\/www.baztan.eus\/wp-content\/uploads\/2025\/06\/GAZTE-768x532.png 768w, https:\/\/www.baztan.eus\/wp-content\/uploads\/2025\/06\/GAZTE-1536x1063.png 1536w, https:\/\/www.baztan.eus\/wp-content\/uploads\/2025\/06\/GAZTE-166x115.png 166w, https:\/\/www.baztan.eus\/wp-content\/uploads\/2025\/06\/GAZTE-360x250.png 360w\" sizes=\"auto, (max-width: 1598px) 100vw, 1598px\" \/><\/a><\/strong><\/p>\n<p>&nbsp;<\/p>\n","protected":false},"author":3,"featured_media":24787,"template":"","format":"standard","meta":{"_wpml_word_count":["{\"total\":117,\"to_translate\":{\"es\":117}}"],"imagenslia":[""],"subti":["El Servicio de Igualdad del Ayuntamiento de Baztan quiere invitar a toda la ciudadan\u00eda a la proyecci\u00f3n de los cortometrajes del Festival Internacional de Cine y Artes Esc\u00e9nicas LGTBIQA+ ZINEGOAK."],"barra":["general"],"mostrar_barra":["1"],"_edit_lock":["1749630550:3"],"_edit_last":["3"],"_thumbnail_id":["24787"],"_exactmetrics_sitenote_active":["0"]},"class_list":["post-24995","noticias","type-noticias","status-publish","format-standard","has-post-thumbnail","hentry","categorianoticias-actualidad","categorianoticias-zerbitzuak-es"],"_links":{"self":[{"href":"https:\/\/www.baztan.eus\/es\/wp-json\/wp\/v2\/noticias\/24995","targetHints":{"allow":["GET"]}}],"collection":[{"href":"https:\/\/www.baztan.eus\/es\/wp-json\/wp\/v2\/noticias"}],"about":[{"href":"https:\/\/www.baztan.eus\/es\/wp-json\/wp\/v2\/types\/noticias"}],"author":[{"embeddable":true,"href":"https:\/\/www.baztan.eus\/es\/wp-json\/wp\/v2\/users\/3"}],"wp:featuredmedia":[{"embeddable":true,"href":"https:\/\/www.baztan.eus\/es\/wp-json\/wp\/v2\/media\/24787"}],"wp:attachment":[{"href":"https:\/\/www.baztan.eus\/es\/wp-json\/wp\/v2\/media?parent=24995"}],"curies":[{"name":"wp","href":"https:\/\/api.w.org\/{rel}","templated":true}]}}