{"id":25106,"date":"2025-06-27T12:55:35","date_gmt":"2025-06-27T12:55:35","guid":{"rendered":"https:\/\/www.baztan.eus\/?post_type=noticias&#038;p=25106"},"modified":"2025-06-27T12:55:35","modified_gmt":"2025-06-27T12:55:35","slug":"28j-enbaztan","status":"publish","type":"noticias","link":"https:\/\/www.baztan.eus\/es\/noticias\/28j-enbaztan\/","title":{"rendered":"El Ayuntamiento de Baztan aprueba por unanimidad la declaraci\u00f3n institucional del D\u00eda Internacional del Orgullo LGTBIAQ+"},"content":{"rendered":"<h3 style=\"text-align: center;\">DECLARACI\u00d3N INSTITUCIONAL DEL AYUNTAMIENTO DE BAZTAN con motivo del D\u00eda Internacional del Orgullo 2025<\/h3>\n<p>El 28 de junio es el D\u00eda Internacional del Orgullo, una fecha para recordar y reivindicar el derecho de todas las personas a que su orientaci\u00f3n sexual, identidad de g\u00e9nero y expresi\u00f3n de g\u00e9nero sean respetadas, sin discriminaci\u00f3n ni violencia.<\/p>\n<p>El 28 de junio de 1969, en el bar Stonewall de Nueva York, personas del colectivo LGTBIAQ+ se alzaron contra la persecuci\u00f3n sistem\u00e1tica de la polic\u00eda y la sociedad. Ese d\u00eda marc\u00f3 un punto de inflexi\u00f3n en la lucha por los derechos del colectivo LGTBIAQ+. Desde entonces, cada a\u00f1o, pa\u00edses de todo el mundo se unen para celebrar la diversidad y difundir un mensaje claro de respeto.<\/p>\n<p>El Ayuntamiento de Baztan, como instituci\u00f3n p\u00fablica y entidad comprometida con la cohesi\u00f3n social, se suma a estas reivindicaciones y se compromete a garantizar el lugar que merecen las personas LGTBIAQ+ en nuestra sociedad. Reivindicamos as\u00ed la libertad, la dignidad y la igualdad de todas las personas, as\u00ed como la diversidad afectivo-sexual e identitaria. Queremos que nuestros pueblos, barrios y espacios p\u00fablicos sean lugares seguros para todas las personas.<\/p>\n<p>En Navarra, la Ley Foral LGTBI+ de 2019 supuso un avance fundamental. Esta ley reconoce los derechos del colectivo LGTBI+, establece medidas contra su discriminaci\u00f3n y define el compromiso activo de las instituciones p\u00fablicas. Tomando esta ley como gu\u00eda, el Ayuntamiento de Baztan asume su responsabilidad institucional para identificar, denunciar y erradicar las opresiones al colectivo LGTBIAQ+, trabajando activamente con colectivos organizados y la ciudadan\u00eda, ya que dichas opresiones limitan la libertad de toda la sociedad.<\/p>\n<p>Sin embargo, debemos reconocer que a\u00fan existen situaciones de desigualdad y exclusi\u00f3n. Las personas LGTBIAQ+, especialmente las personas trans, j\u00f3venes, mujeres, migrantes o en situaci\u00f3n de pobreza, siguen siendo con frecuencia v\u00edctimas de violencia f\u00edsica, psicol\u00f3gica o institucional. Adem\u00e1s, una parte importante de este colectivo no denuncia las agresiones por miedo o por la falta de respuesta del sistema. Esto no puede normalizarse.<\/p>\n<p>Ante esta realidad, las entidades locales tenemos un papel imprescindible. Conocemos los factores que condicionan la vida p\u00fablica en nuestros municipios, y por tanto somos herramientas adecuadas para trabajar en la prevenci\u00f3n, sensibilizaci\u00f3n y atenci\u00f3n integral a la discriminaci\u00f3n o la LGTBIAQ+fobia.<\/p>\n<p>El Ayuntamiento de Baztan, en este D\u00eda del Orgullo, adquiere los siguientes compromisos:<\/p>\n<ol>\n<li>Seguir difundiendo un mensaje p\u00fablico e institucional a favor de la diversidad, enfrentando los discursos de odio y la exclusi\u00f3n.<\/li>\n<li>Ofrecer formaci\u00f3n al personal municipal y a los servicios p\u00fablicos para garantizar una capacitaci\u00f3n integral en materia de orientaci\u00f3n sexual y diversidad de g\u00e9nero.<\/li>\n<li>Impulsar y aplicar protocolos contra las agresiones.<\/li>\n<li>Fomentar la colaboraci\u00f3n con colectivos y asociaciones del municipio mediante la organizaci\u00f3n o el apoyo a actividades culturales, art\u00edsticas o de sensibilizaci\u00f3n que visibilicen la diversidad.<\/li>\n<li>Promover din\u00e1micas sostenidas durante todo el a\u00f1o para celebrar la diversidad en Baztan, haciendo del D\u00eda del Orgullo algo m\u00e1s que una fecha puntual.<\/li>\n<\/ol>\n<p>En definitiva, queremos que nuestro municipio sea un ejemplo de convivencia basada en la diversidad. Baztan es la casa de todas las personas, y en esa casa nadie deber\u00eda vivir con miedo, verg\u00fcenza o soledad. Por todo ello, el Ayuntamiento de Baztan declara que seguir\u00e1 trabajando con firmeza y de forma continuada en la defensa de los derechos del colectivo LGTBIAQ+, incorporando una mirada inclusiva en todas las pol\u00edticas p\u00fablicas.<\/p>\n","protected":false},"author":3,"featured_media":25105,"template":"","format":"standard","meta":{"_wpml_word_count":["{\"total\":427,\"to_translate\":{\"es\":427}}"],"imagenslia":[""],"subti":["El 28 de junio es el D\u00eda Internacional del Orgullo, una fecha para recordar y reivindicar el derecho de todas las personas a que su orientaci\u00f3n sexual, identidad de g\u00e9nero y expresi\u00f3n de g\u00e9nero sean respetadas, sin discriminaci\u00f3n ni violencia."],"barra":["general"],"mostrar_barra":["1"],"_edit_lock":["1751028798:3"],"_edit_last":["3"],"_thumbnail_id":["25105"],"_exactmetrics_sitenote_active":["0"]},"class_list":["post-25106","noticias","type-noticias","status-publish","format-standard","has-post-thumbnail","hentry","categorianoticias-actualidad","categorianoticias-zerbitzuak-es"],"_links":{"self":[{"href":"https:\/\/www.baztan.eus\/es\/wp-json\/wp\/v2\/noticias\/25106","targetHints":{"allow":["GET"]}}],"collection":[{"href":"https:\/\/www.baztan.eus\/es\/wp-json\/wp\/v2\/noticias"}],"about":[{"href":"https:\/\/www.baztan.eus\/es\/wp-json\/wp\/v2\/types\/noticias"}],"author":[{"embeddable":true,"href":"https:\/\/www.baztan.eus\/es\/wp-json\/wp\/v2\/users\/3"}],"wp:featuredmedia":[{"embeddable":true,"href":"https:\/\/www.baztan.eus\/es\/wp-json\/wp\/v2\/media\/25105"}],"wp:attachment":[{"href":"https:\/\/www.baztan.eus\/es\/wp-json\/wp\/v2\/media?parent=25106"}],"curies":[{"name":"wp","href":"https:\/\/api.w.org\/{rel}","templated":true}]}}