{"id":25596,"date":"2025-09-22T09:28:23","date_gmt":"2025-09-22T09:28:23","guid":{"rendered":"https:\/\/www.baztan.eus\/?post_type=noticias&#038;p=25596"},"modified":"2025-09-22T09:30:31","modified_gmt":"2025-09-22T09:30:31","slug":"charla-y-exposicion-sexilio-xerka","status":"publish","type":"noticias","link":"https:\/\/www.baztan.eus\/es\/noticias\/charla-y-exposicion-sexilio-xerka\/","title":{"rendered":"Charla y exposici\u00f3n fotogr\u00e1fica \u2018Xerka\u2019 sobre el sexilio, con Martxel Larraza y Joseba Olagarai, este jueves en Elizondo"},"content":{"rendered":"<p><a href=\"https:\/\/www.baztan.eus\/wp-content\/uploads\/2025\/09\/Kartela-scaled.jpg\" target=\"_blank\" rel=\"noopener\"><img loading=\"lazy\" decoding=\"async\" class=\"alignleft wp-image-25595 size-medium\" src=\"https:\/\/www.baztan.eus\/wp-content\/uploads\/2025\/09\/Kartela-212x300.jpg\" alt=\"\" width=\"212\" height=\"300\" srcset=\"https:\/\/www.baztan.eus\/wp-content\/uploads\/2025\/09\/Kartela-212x300.jpg 212w, https:\/\/www.baztan.eus\/wp-content\/uploads\/2025\/09\/Kartela-724x1024.jpg 724w, https:\/\/www.baztan.eus\/wp-content\/uploads\/2025\/09\/Kartela-768x1086.jpg 768w, https:\/\/www.baztan.eus\/wp-content\/uploads\/2025\/09\/Kartela-1086x1536.jpg 1086w, https:\/\/www.baztan.eus\/wp-content\/uploads\/2025\/09\/Kartela-1448x2048.jpg 1448w, https:\/\/www.baztan.eus\/wp-content\/uploads\/2025\/09\/Kartela-81x115.jpg 81w, https:\/\/www.baztan.eus\/wp-content\/uploads\/2025\/09\/Kartela-scaled.jpg 1810w\" sizes=\"auto, (max-width: 212px) 100vw, 212px\" \/><\/a>Los periodistas Martxel Larraza y Joseba Olagarai ofrecer\u00e1n la charla <strong>Xerka<\/strong> en Elizondo, el pr\u00f3ximo jueves a las 18:30, en Arizkunenea. Junto a ellos, el lekaroztarra Xarre Bidegain tambi\u00e9n dar\u00e1 su testimonio. Tras la charla, y hasta la ma\u00f1ana del jueves siguiente, la exposici\u00f3n fotogr\u00e1fica podr\u00e1 visitarse en esta casa de cultura.<\/p>\n<p data-start=\"776\" data-end=\"1303\">En la charla se dar\u00e1n a conocer las identidades y experiencias vitales de cinco personas disidentes de diferentes territorios, or\u00edgenes y edades. La iniciativa pretende transmitir un mensaje positivo: en el medio rural vasco es posible ser <em>queer<\/em> y vivir en el pueblo, en euskera. De hecho, <em>sexilio<\/em> es el nombre que recibe la migraci\u00f3n forzada de las personas LGTBIQ+ que,<\/p>\n<p>debido a la represi\u00f3n por su orientaci\u00f3n sexual o identidad de g\u00e9nero, se ven obligadas a huir de su entorno social hacia las ciudades.<\/p>\n<p data-start=\"1305\" data-end=\"1774\"><em>Xerka<\/em> es un proyecto de fotoperiodismo creado en 2023 por Martxel Larraza, que un a\u00f1o despu\u00e9s fue galardonado en la III edici\u00f3n de los premios BERRIA a los Trabajos de Fin de Grado en Comunicaci\u00f3n. A trav\u00e9s de la fusi\u00f3n de los g\u00e9neros cl\u00e1sicos del paisaje y el retrato, y empleando diversas t\u00e9cnicas y estilos fotogr\u00e1ficos, las fotograf\u00edas proponen una dial\u00e9ctica po\u00e9tica entre el o la sujeto y su entorno, en una relaci\u00f3n que puede ser tanto conflictiva como armoniosa.<\/p>\n","protected":false},"author":3,"featured_media":25594,"template":"","format":"standard","meta":{"_wpml_word_count":["{\"total\":184,\"to_translate\":{\"es\":184}}"],"imagenslia":[""],"subti":["El proyecto de fotoperiodismo \u2018Xerka\u2019 recoge las vivencias, reflexiones y sensaciones de cinco personas queer del medio rural vasco, y aborda el proceso silencioso de exilio que vive la comunidad LGTBIQ+ en los pueblos"],"barra":["general"],"mostrar_barra":["1"],"_edit_lock":["1758533549:3"],"_edit_last":["3"],"_thumbnail_id":["25594"],"_exactmetrics_sitenote_active":["0"],"_wp_old_slug":["charla-y-exposicion-fotografica-xerka-sobre-el-sexilio-con-martxel-larraza-y-joseba-olagarai-este-jueves-en-elizondo"]},"class_list":["post-25596","noticias","type-noticias","status-publish","format-standard","has-post-thumbnail","hentry","categorianoticias-actualidad","categorianoticias-euskara-zerbitzua-es","categorianoticias-zerbitzuak-es"],"_links":{"self":[{"href":"https:\/\/www.baztan.eus\/es\/wp-json\/wp\/v2\/noticias\/25596","targetHints":{"allow":["GET"]}}],"collection":[{"href":"https:\/\/www.baztan.eus\/es\/wp-json\/wp\/v2\/noticias"}],"about":[{"href":"https:\/\/www.baztan.eus\/es\/wp-json\/wp\/v2\/types\/noticias"}],"author":[{"embeddable":true,"href":"https:\/\/www.baztan.eus\/es\/wp-json\/wp\/v2\/users\/3"}],"wp:featuredmedia":[{"embeddable":true,"href":"https:\/\/www.baztan.eus\/es\/wp-json\/wp\/v2\/media\/25594"}],"wp:attachment":[{"href":"https:\/\/www.baztan.eus\/es\/wp-json\/wp\/v2\/media?parent=25596"}],"curies":[{"name":"wp","href":"https:\/\/api.w.org\/{rel}","templated":true}]}}