{"id":25622,"date":"2025-10-09T10:16:01","date_gmt":"2025-10-09T10:16:01","guid":{"rendered":"https:\/\/www.baztan.eus\/?post_type=noticias&#038;p=25622"},"modified":"2025-10-10T09:30:27","modified_gmt":"2025-10-10T09:30:27","slug":"15-de-octubre-baztan","status":"publish","type":"noticias","link":"https:\/\/www.baztan.eus\/es\/noticias\/15-de-octubre-baztan\/","title":{"rendered":"15 DE OCTUBRE, D\u00cdA INTERNACIONAL DE LAS MUJERES RURALES: \u00abMujeres rurales, del margen al centro de la pol\u00edtica en Navarra\u00bb"},"content":{"rendered":"<h2><strong><u>15 DE OCTUBRE, D\u00cdA INTERNACIONAL DE LAS MUJERES RURALES: <em>Mujeres rurales, del margen al centro de la pol\u00edtica en Navarra<\/em><\/u><\/strong><\/h2>\n<h4>DECLARACI\u00d3N INSTITUCIONAL EN\u00a0VERSI\u00d3N DE\u00a0LECTURA F\u00c1CIL disponible <a href=\"https:\/\/www.baztan.eus\/wp-content\/uploads\/2025\/09\/Declaracion-institucional-U15_LF_Cas.pdf\" class=\"mtli_attachment mtli_pdf\" target=\"_blank\" rel=\"noopener\">aqu\u00ed<\/a>.<\/h4>\n<h4><a href=\"https:\/\/www.baztan.eus\/wp-content\/uploads\/2025\/09\/U15_2025-Adierazpen-instituzionala-eleb.pdf\" class=\"mtli_attachment mtli_pdf\" target=\"_blank\" rel=\"noopener\">DECLARACI\u00d3N INSTITUCIONAL<\/a>, aprobada por unanimidad en el pleno municipal del Ayuntamiento de Baztan el 25 de septiembre de 2025:<\/h4>\n<p><a href=\"https:\/\/www.baztan.eus\/wp-content\/uploads\/2025\/09\/Kartel-OROKORRA_eus_JPG-scaled-e1758881183864.jpg\" target=\"_blank\" rel=\"noopener\"><img loading=\"lazy\" decoding=\"async\" class=\"wp-image-25618 size-large alignleft\" src=\"https:\/\/www.baztan.eus\/wp-content\/uploads\/2025\/09\/Kartel-OROKORRA_eus_JPG-scaled-e1758881183864-732x1024.jpg\" alt=\"\" width=\"732\" height=\"1024\" srcset=\"https:\/\/www.baztan.eus\/wp-content\/uploads\/2025\/09\/Kartel-OROKORRA_eus_JPG-scaled-e1758881183864-732x1024.jpg 732w, https:\/\/www.baztan.eus\/wp-content\/uploads\/2025\/09\/Kartel-OROKORRA_eus_JPG-scaled-e1758881183864-214x300.jpg 214w, https:\/\/www.baztan.eus\/wp-content\/uploads\/2025\/09\/Kartel-OROKORRA_eus_JPG-scaled-e1758881183864-768x1074.jpg 768w, https:\/\/www.baztan.eus\/wp-content\/uploads\/2025\/09\/Kartel-OROKORRA_eus_JPG-scaled-e1758881183864-1098x1536.jpg 1098w, https:\/\/www.baztan.eus\/wp-content\/uploads\/2025\/09\/Kartel-OROKORRA_eus_JPG-scaled-e1758881183864-1464x2048.jpg 1464w, https:\/\/www.baztan.eus\/wp-content\/uploads\/2025\/09\/Kartel-OROKORRA_eus_JPG-scaled-e1758881183864-82x115.jpg 82w, https:\/\/www.baztan.eus\/wp-content\/uploads\/2025\/09\/Kartel-OROKORRA_eus_JPG-scaled-e1758881183864.jpg 1728w\" sizes=\"auto, (max-width: 732px) 100vw, 732px\" \/><\/a>Las entidades locales y territoriales de Navarra las forman todos los pueblos del medio rural y, desde todos ellos, queremos que se escuche la voz de las mujeres que lo habitan porque siempre han sido y siguen siendo imprescindibles para el presente y futuro de nuestros territorios.<\/p>\n<p>En este D\u00eda de las Mujeres Rurales de 2025, reclamamos su lugar en la toma de decisiones ya que la forma en que se dise\u00f1an y aplican las pol\u00edticas p\u00fablicas sigue ignorando sus realidades, necesidades y aportaciones. Los pueblos rurales no son lugares de segunda, sino ecosistemas de los que las mujeres son la columna vertebral, y se advierte de que la l\u00f3gica urbano-c\u00e9ntrica y patriarcal concentra recursos y servicios en las ciudades, relegando lo rural y generando desigualdades estructurales que afectan con especial dureza a las mujeres. Lo que no se nombra no existe, y lo que no se ve, no se cuida.<\/p>\n<p>Las mujeres del medio rural enfrentan m\u00faltiples formas de discriminaci\u00f3n: por ser mujeres, por vivir en pueblos y por otras variables que se entrecruzan (edad, clase, origen, diversidad funcional, etc.). Eso se suma a que las condiciones de vida son distintas y m\u00e1s dif\u00edciles en el medio rural: empleo, vivienda, transporte&#8230; Adem\u00e1s, la sobrecarga de trabajo de cuidados no remunerados recae de forma desproporcionada sobre las mujeres, limitando sus opciones de vida y trabajo, liderazgo y participaci\u00f3n. Por supuesto, los estereotipos patriarcales tambi\u00e9n tienen su papel: las mujeres en los pueblos son consideradas \u201cayudantes o colaboradoras\u201d, pero no propietarias, productoras, gestoras o l\u00edderes leg\u00edtimas.<\/p>\n<p>A pesar de que el 28% de las mujeres en Navarra tienen estudios universitarios (46% entre las j\u00f3venes) frente al 20,1% de los hombres, sus salarios son un 20% inferiores, de media. El 9,4% de las mujeres trabaja en profesiones cient\u00edficas, t\u00e9cnicas o especializadas, y un 6,1% en la agricultura, lo que refleja una gran diversidad de capacidades y la necesidad de reconocer y aprovechar plenamente todo ese talento. Sin embargo, solo el 28% de las titulares de explotaciones agrarias son mujeres y, de ellas, apenas el 17% ejerce como jefa de explotaci\u00f3n.<\/p>\n<p>Hay otras circunstancias que dificultan el contexto de las mujeres de los pueblos: la masculinizaci\u00f3n, el envejecimiento y la despoblaci\u00f3n del medio rural est\u00e1n ligados a la falta de oportunidades para las mujeres, especialmente las j\u00f3venes. Y la violencia machista en los pueblos existe y se agrava por el aislamiento y la falta de recursos p\u00fablicos accesibles y espec\u00edficos.<\/p>\n<p>En este sentido, la Ley Foral 17\/2019 de igualdad y el Plan Estrat\u00e9gico para la Igualdad en Navarra, que prev\u00e9 la creaci\u00f3n de un Estatuto de las Mujeres Rurales, son claves para avanzar en la equidad y el reconocimiento de su papel fundamental.<\/p>\n<p>Es evidente que muchas pol\u00edticas p\u00fablicas y programas no tienen en cuenta ni la perspectiva rural ni el enfoque de g\u00e9nero, por ser leyes, normas o iniciativas pensadas para contextos urbanos y eso hace que resulten irrelevantes, insuficientes o contraproducentes en los pueblos.<\/p>\n<p>Por ello, las entidades locales y territoriales de Navarra en el D\u00eda de las Mujeres Rurales vemos urgente y necesario trabajar en estos objetivos:<\/p>\n<ol>\n<li>Superar el modelo urbano-c\u00e9ntrico y patriarcal: Repensar la planificaci\u00f3n desde una l\u00f3gica territorialmente equilibrada e inclusiva, que reconozca a todos los territorios y a todas las mujeres como parte esencial del desarrollo de Navarra.<\/li>\n<li>Incorporar el enfoque de g\u00e9nero e interseccional a las pol\u00edticas p\u00fablicas: dise\u00f1ar y poner en marcha las leyes con perspectiva de g\u00e9nero y rural, asegurando la permanencia y autonom\u00eda de las mujeres de los pueblos. Algo especialmente importante en las normas relativas al desarrollo rural, despoblaci\u00f3n, la igualdad, la sostenibilidad o la cohesi\u00f3n territorial.<\/li>\n<li>Reconocer a las mujeres y asociaciones de mujeres rurales como agentes del desarrollo: valorar su papel estrat\u00e9gico en la cultura y la vida comunitaria, la soberan\u00eda alimentaria, la transmisi\u00f3n de saberes y el trabajo tanto reproductivo como productivo.<\/li>\n<li>Garantizar derechos b\u00e1sicos en todos los territorios: Servicios p\u00fablicos adaptados y de calidad (salud, educaci\u00f3n, cuidados, vivienda, conectividad, transporte, cultura, participaci\u00f3n pol\u00edtica), incluyendo recursos accesibles frente a la violencia de g\u00e9nero.<\/li>\n<li>Invertir de forma justa en los territorios rurales: es imprescindible que las zonas rurales sean financiadas adecuadamente. Hablar de igualdad no es suficiente: hay que fomentarla, en cada pueblo, en cada decisi\u00f3n, en cada presupuesto.<\/li>\n<\/ol>\n<p>Y todo ello desde el compromiso con una agenda feminista y rural, de acuerdo a la realidad de cada territorio. Porque superar el modelo urbano-c\u00e9ntrico y hacerlo con perspectiva de g\u00e9nero es una cuesti\u00f3n de democracia, justicia y futuro. Sin mujeres no hay rural, y sin rural no hay futuro.<\/p>\n<p>&nbsp;<\/p>\n<p><!--more--><\/p>\n<h2>ACTIVIDAD ORGANIZADAS:<\/h2>\n<h2><\/h2>\n<p><a href=\"https:\/\/www.baztan.eus\/wp-content\/uploads\/2025\/09\/U15_Kartel-partekatua-BMB.jpg\" target=\"_blank\" rel=\"noopener\"><img loading=\"lazy\" decoding=\"async\" class=\"aligncenter wp-image-25839 size-large\" src=\"https:\/\/www.baztan.eus\/wp-content\/uploads\/2025\/09\/U15_Kartel-partekatua-BMB-740x1024.jpg\" alt=\"\" width=\"740\" height=\"1024\" srcset=\"https:\/\/www.baztan.eus\/wp-content\/uploads\/2025\/09\/U15_Kartel-partekatua-BMB-740x1024.jpg 740w, https:\/\/www.baztan.eus\/wp-content\/uploads\/2025\/09\/U15_Kartel-partekatua-BMB-217x300.jpg 217w, https:\/\/www.baztan.eus\/wp-content\/uploads\/2025\/09\/U15_Kartel-partekatua-BMB-768x1063.jpg 768w, https:\/\/www.baztan.eus\/wp-content\/uploads\/2025\/09\/U15_Kartel-partekatua-BMB-1110x1536.jpg 1110w, https:\/\/www.baztan.eus\/wp-content\/uploads\/2025\/09\/U15_Kartel-partekatua-BMB-83x115.jpg 83w, https:\/\/www.baztan.eus\/wp-content\/uploads\/2025\/09\/U15_Kartel-partekatua-BMB.jpg 1445w\" sizes=\"auto, (max-width: 740px) 100vw, 740px\" \/><\/a><\/p>\n<p><a href=\"https:\/\/www.baztan.eus\/wp-content\/uploads\/2025\/09\/U15_Kartel-Mahai-ingurua-28.10.jpg\" target=\"_blank\" rel=\"noopener\"><img loading=\"lazy\" decoding=\"async\" class=\"aligncenter wp-image-25841 size-large\" src=\"https:\/\/www.baztan.eus\/wp-content\/uploads\/2025\/09\/U15_Kartel-Mahai-ingurua-28.10-731x1024.jpg\" alt=\"\" width=\"731\" height=\"1024\" srcset=\"https:\/\/www.baztan.eus\/wp-content\/uploads\/2025\/09\/U15_Kartel-Mahai-ingurua-28.10-731x1024.jpg 731w, https:\/\/www.baztan.eus\/wp-content\/uploads\/2025\/09\/U15_Kartel-Mahai-ingurua-28.10-214x300.jpg 214w, https:\/\/www.baztan.eus\/wp-content\/uploads\/2025\/09\/U15_Kartel-Mahai-ingurua-28.10-768x1076.jpg 768w, https:\/\/www.baztan.eus\/wp-content\/uploads\/2025\/09\/U15_Kartel-Mahai-ingurua-28.10-1097x1536.jpg 1097w, https:\/\/www.baztan.eus\/wp-content\/uploads\/2025\/09\/U15_Kartel-Mahai-ingurua-28.10-82x115.jpg 82w, https:\/\/www.baztan.eus\/wp-content\/uploads\/2025\/09\/U15_Kartel-Mahai-ingurua-28.10.jpg 1462w\" sizes=\"auto, (max-width: 731px) 100vw, 731px\" \/><\/a><\/p>\n<p><a href=\"https:\/\/www.baztan.eus\/wp-content\/uploads\/2025\/09\/Kulturaren-erakusketa.jpeg\" target=\"_blank\" rel=\"noopener\"><img loading=\"lazy\" decoding=\"async\" class=\"wp-image-25768 size-large aligncenter\" src=\"https:\/\/www.baztan.eus\/wp-content\/uploads\/2025\/09\/Kulturaren-erakusketa-724x1024.jpeg\" alt=\"\" width=\"724\" height=\"1024\" srcset=\"https:\/\/www.baztan.eus\/wp-content\/uploads\/2025\/09\/Kulturaren-erakusketa-724x1024.jpeg 724w, https:\/\/www.baztan.eus\/wp-content\/uploads\/2025\/09\/Kulturaren-erakusketa-212x300.jpeg 212w, https:\/\/www.baztan.eus\/wp-content\/uploads\/2025\/09\/Kulturaren-erakusketa-768x1086.jpeg 768w, https:\/\/www.baztan.eus\/wp-content\/uploads\/2025\/09\/Kulturaren-erakusketa-1086x1536.jpeg 1086w, https:\/\/www.baztan.eus\/wp-content\/uploads\/2025\/09\/Kulturaren-erakusketa-81x115.jpeg 81w, https:\/\/www.baztan.eus\/wp-content\/uploads\/2025\/09\/Kulturaren-erakusketa.jpeg 1131w\" sizes=\"auto, (max-width: 724px) 100vw, 724px\" \/><\/a><\/p>\n<h4><\/h4>\n<p>&nbsp;<\/p>\n","protected":false},"author":3,"featured_media":25621,"template":"","format":"standard","meta":{"_wpml_word_count":["{\"total\":634,\"to_translate\":{\"es\":634}}"],"imagenslia":[""],"subti":["Las mujeres del medio rural enfrentan m\u00faltiples formas de discriminaci\u00f3n: por ser mujeres, por vivir en pueblos y por otras variables que se entrecruzan (edad, clase, origen, diversidad funcional, etc.). Eso se suma a que las condiciones de vida son distintas y m\u00e1s dif\u00edciles en el medio rural: empleo, vivienda, transporte... Adem\u00e1s, la sobrecarga de trabajo de cuidados no remunerados recae de forma desproporcionada sobre las mujeres, limitando sus opciones de vida y trabajo, liderazgo y participaci\u00f3n. Por supuesto, los estereotipos patriarcales tambi\u00e9n tienen su papel: las mujeres en los pueblos son consideradas \u201cayudantes o colaboradoras\u201d, pero no propietarias, productoras, gestoras o l\u00edderes leg\u00edtimas."],"barra":["general"],"mostrar_barra":["1"],"_edit_lock":["1760088524:3"],"_edit_last":["3"],"_thumbnail_id":["25621"],"_exactmetrics_sitenote_active":["0"],"_wp_old_slug":["15-de-octubre-dia-internacional-de-las-mujeres-rurales-mujeres-rurales-del-margen-al-centro-de-la-politica-en-navarra"],"_wp_old_date":["2025-10-10"]},"class_list":["post-25622","noticias","type-noticias","status-publish","format-standard","has-post-thumbnail","hentry","categorianoticias-actualidad","categorianoticias-zerbitzuak-es"],"_links":{"self":[{"href":"https:\/\/www.baztan.eus\/es\/wp-json\/wp\/v2\/noticias\/25622","targetHints":{"allow":["GET"]}}],"collection":[{"href":"https:\/\/www.baztan.eus\/es\/wp-json\/wp\/v2\/noticias"}],"about":[{"href":"https:\/\/www.baztan.eus\/es\/wp-json\/wp\/v2\/types\/noticias"}],"author":[{"embeddable":true,"href":"https:\/\/www.baztan.eus\/es\/wp-json\/wp\/v2\/users\/3"}],"wp:featuredmedia":[{"embeddable":true,"href":"https:\/\/www.baztan.eus\/es\/wp-json\/wp\/v2\/media\/25621"}],"wp:attachment":[{"href":"https:\/\/www.baztan.eus\/es\/wp-json\/wp\/v2\/media?parent=25622"}],"curies":[{"name":"wp","href":"https:\/\/api.w.org\/{rel}","templated":true}]}}