{"id":25874,"date":"2025-10-16T09:25:16","date_gmt":"2025-10-16T09:25:16","guid":{"rendered":"https:\/\/www.baztan.eus\/?post_type=noticias&#038;p=25874"},"modified":"2025-10-16T09:25:16","modified_gmt":"2025-10-16T09:25:16","slug":"amartean-ama-talde-irekia","status":"publish","type":"noticias","link":"https:\/\/www.baztan.eus\/es\/noticias\/amartean-ama-talde-irekia\/","title":{"rendered":"Dentro del ciclo AMArtean, reuni\u00f3n abierta para la creaci\u00f3n de un grupo estable de madres en Arizkunenea"},"content":{"rendered":"<p><a href=\"https:\/\/www.baztan.eus\/wp-content\/uploads\/2025\/10\/Bilkura-21.10.2025.png\" target=\"_blank\" rel=\"noopener\"><img loading=\"lazy\" decoding=\"async\" class=\"alignleft wp-image-25873 size-medium\" src=\"https:\/\/www.baztan.eus\/wp-content\/uploads\/2025\/10\/Bilkura-21.10.2025-212x300.png\" alt=\"\" width=\"212\" height=\"300\" srcset=\"https:\/\/www.baztan.eus\/wp-content\/uploads\/2025\/10\/Bilkura-21.10.2025-212x300.png 212w, https:\/\/www.baztan.eus\/wp-content\/uploads\/2025\/10\/Bilkura-21.10.2025-724x1024.png 724w, https:\/\/www.baztan.eus\/wp-content\/uploads\/2025\/10\/Bilkura-21.10.2025-768x1086.png 768w, https:\/\/www.baztan.eus\/wp-content\/uploads\/2025\/10\/Bilkura-21.10.2025-1086x1536.png 1086w, https:\/\/www.baztan.eus\/wp-content\/uploads\/2025\/10\/Bilkura-21.10.2025-81x115.png 81w, https:\/\/www.baztan.eus\/wp-content\/uploads\/2025\/10\/Bilkura-21.10.2025.png 1131w\" sizes=\"auto, (max-width: 212px) 100vw, 212px\" \/><\/a><\/p>\n<p>Como cierre del ciclo AMArtean, este <strong>martes 21 de octubre, a las 17:00 horas, en Arizkunenea, tendr\u00e1 lugar una reuni\u00f3n abierta dirigida a madres interesadas en formar un grupo estable de trabajo, reflexi\u00f3n y apoyo mutuo en torno a las maternidades.<\/strong><\/p>\n<p>Organizada por el Servicio Social de Base y el Servicio de Igualdad del Ayuntamiento de Baztan, esta sesi\u00f3n tiene como objetivo sentar las bases para la creaci\u00f3n de un espacio permanente de encuentro, donde las madres puedan compartir experiencias, inquietudes y aprendizajes vinculados a los distintos retos que atraviesan en su d\u00eda a d\u00eda.<\/p>\n<p><strong>El encuentro busca definir de manera colectiva los intereses, objetivos y din\u00e1micas del futuro grupo, que aspira a convertirse en un espacio de cuidado, escucha y empoderamiento compartido.<\/strong> En un contexto en el que las maternidades siguen enfrent\u00e1ndose a exigencias sociales, emocionales y laborales complejas, generar redes de apoyo y reflexi\u00f3n se convierte en una herramienta fundamental para el bienestar individual y comunitario.<\/p>\n<p>El Servicio de Igualdad y el Servicio Social de Base invitan a todas las madres del valle y alrededores a participar en esta reuni\u00f3n abierta y a contribuir a la puesta en marcha de un proyecto com\u00fan que quiere dar continuidad al trabajo iniciado en el ciclo AMArtean, fortaleciendo los lazos de acompa\u00f1amiento, sororidad y solidaridad entre mujeres.<\/p>\n","protected":false},"author":3,"featured_media":24391,"template":"","format":"standard","meta":{"_wpml_word_count":["{\"total\":157,\"to_translate\":{\"es\":157}}"],"imagenslia":[""],"subti":["Como cierre del ciclo AMArtean, este martes 21 de octubre, a las 17:00 horas, en Arizkunenea, tendr\u00e1 lugar una reuni\u00f3n abierta dirigida a madres interesadas en formar un grupo estable de trabajo, reflexi\u00f3n y apoyo mutuo en torno a las maternidades."],"barra":["general"],"mostrar_barra":["1"],"_edit_lock":["1760606651:3"],"_edit_last":["3"],"_thumbnail_id":["24391"],"_exactmetrics_sitenote_active":["0"]},"class_list":["post-25874","noticias","type-noticias","status-publish","format-standard","has-post-thumbnail","hentry","categorianoticias-actualidad","categorianoticias-zerbitzuak-es"],"_links":{"self":[{"href":"https:\/\/www.baztan.eus\/es\/wp-json\/wp\/v2\/noticias\/25874","targetHints":{"allow":["GET"]}}],"collection":[{"href":"https:\/\/www.baztan.eus\/es\/wp-json\/wp\/v2\/noticias"}],"about":[{"href":"https:\/\/www.baztan.eus\/es\/wp-json\/wp\/v2\/types\/noticias"}],"author":[{"embeddable":true,"href":"https:\/\/www.baztan.eus\/es\/wp-json\/wp\/v2\/users\/3"}],"wp:featuredmedia":[{"embeddable":true,"href":"https:\/\/www.baztan.eus\/es\/wp-json\/wp\/v2\/media\/24391"}],"wp:attachment":[{"href":"https:\/\/www.baztan.eus\/es\/wp-json\/wp\/v2\/media?parent=25874"}],"curies":[{"name":"wp","href":"https:\/\/api.w.org\/{rel}","templated":true}]}}