{"id":27653,"date":"2026-06-16T05:51:41","date_gmt":"2026-06-16T05:51:41","guid":{"rendered":"https:\/\/www.baztan.eus\/?post_type=noticias&#038;p=27653"},"modified":"2026-06-17T05:41:53","modified_gmt":"2026-06-17T05:41:53","slug":"ya-esta-en-marcha-un-ano-mas-la-ruta-del-arte","status":"publish","type":"noticias","link":"https:\/\/www.baztan.eus\/es\/noticias\/ya-esta-en-marcha-un-ano-mas-la-ruta-del-arte\/","title":{"rendered":"\u00a1 Ya esta en marcha un a\u00f1o m\u00e1s la Ruta del Arte!"},"content":{"rendered":"<p>Ya esta en marcha un a\u00f1o m\u00e1s la Ruta del Arte!<br \/>\nLa Ruta del Arte es una iniciativa cultural promovida por el Ayuntamiento de Baztan para la temporada estival. Este folleto re\u00fane, de forma pr\u00e1ctica, los horarios y calendarios de los 13 espacios que componen el itinerario de este verano, distribuidos por el valle.<\/p>\n<p>La ruta engloba salas de exposiciones, talleres art\u00edsticos y centros de interpretaci\u00f3n del patrimonio, ofreciendo una visi\u00f3n completa de un valle que es referente por su paisaje y su riqueza cultural. Dise\u00f1ado como una gu\u00eda de mano \u00fatil para las personas que nos visitan, este documento estar\u00e1 disponible en todos los puntos expositivos de la red para facilitar la planificaci\u00f3n y el recorrido por cada una de las propuestas.<\/p>\n","protected":false},"author":9,"featured_media":27650,"template":"","format":"standard","meta":{"_wpml_word_count":["{\"total\":0,\"to_translate\":{\"eu\":2,\"es\":2}}"],"_edit_lock":["1781674784:9"],"_edit_last":["9"],"barra":[""],"imagenslia":[""],"subti":[""],"_thumbnail_id":["27650"],"_exactmetrics_sitenote_active":["0"],"mostrar_barra":["1"]},"class_list":["post-27653","noticias","type-noticias","status-publish","format-standard","has-post-thumbnail","hentry"],"_links":{"self":[{"href":"https:\/\/www.baztan.eus\/es\/wp-json\/wp\/v2\/noticias\/27653","targetHints":{"allow":["GET"]}}],"collection":[{"href":"https:\/\/www.baztan.eus\/es\/wp-json\/wp\/v2\/noticias"}],"about":[{"href":"https:\/\/www.baztan.eus\/es\/wp-json\/wp\/v2\/types\/noticias"}],"author":[{"embeddable":true,"href":"https:\/\/www.baztan.eus\/es\/wp-json\/wp\/v2\/users\/9"}],"wp:featuredmedia":[{"embeddable":true,"href":"https:\/\/www.baztan.eus\/es\/wp-json\/wp\/v2\/media\/27650"}],"wp:attachment":[{"href":"https:\/\/www.baztan.eus\/es\/wp-json\/wp\/v2\/media?parent=27653"}],"curies":[{"name":"wp","href":"https:\/\/api.w.org\/{rel}","templated":true}]}}