{"id":28374,"date":"2026-09-03T12:46:02","date_gmt":"2026-09-03T12:46:02","guid":{"rendered":"https:\/\/www.baztan.eus\/?post_type=noticias&#038;p=28374"},"modified":"2026-09-03T12:46:02","modified_gmt":"2026-09-03T12:46:02","slug":"gizontaldea-2026-27","status":"publish","type":"noticias","link":"https:\/\/www.baztan.eus\/es\/noticias\/gizontaldea-2026-27\/","title":{"rendered":"Los Servicios de Igualdad de Bortziriak, Malerreka, Bertizarana y Baztan impulsan una nueva edici\u00f3n del grupo de hombres por la igualdad de la mano de ERAIKIZ kolektiboa"},"content":{"rendered":"<p><a href=\"https:\/\/www.baztan.eus\/wp-content\/uploads\/2026\/09\/Kartela-IG-jpg-GIZONAK-bilera-18.09.2026-scaled.png\" target=\"_blank\" rel=\"noopener\"><img loading=\"lazy\" decoding=\"async\" class=\"wp-image-28364 alignleft\" src=\"https:\/\/www.baztan.eus\/wp-content\/uploads\/2026\/09\/Kartela-IG-jpg-GIZONAK-bilera-18.09.2026-819x1024.png\" alt=\"\" width=\"576\" height=\"720\" srcset=\"https:\/\/www.baztan.eus\/wp-content\/uploads\/2026\/09\/Kartela-IG-jpg-GIZONAK-bilera-18.09.2026-819x1024.png 819w, https:\/\/www.baztan.eus\/wp-content\/uploads\/2026\/09\/Kartela-IG-jpg-GIZONAK-bilera-18.09.2026-240x300.png 240w, https:\/\/www.baztan.eus\/wp-content\/uploads\/2026\/09\/Kartela-IG-jpg-GIZONAK-bilera-18.09.2026-768x960.png 768w, https:\/\/www.baztan.eus\/wp-content\/uploads\/2026\/09\/Kartela-IG-jpg-GIZONAK-bilera-18.09.2026-1229x1536.png 1229w, https:\/\/www.baztan.eus\/wp-content\/uploads\/2026\/09\/Kartela-IG-jpg-GIZONAK-bilera-18.09.2026-1638x2048.png 1638w, https:\/\/www.baztan.eus\/wp-content\/uploads\/2026\/09\/Kartela-IG-jpg-GIZONAK-bilera-18.09.2026-92x115.png 92w, https:\/\/www.baztan.eus\/wp-content\/uploads\/2026\/09\/Kartela-IG-jpg-GIZONAK-bilera-18.09.2026-scaled.png 2048w\" sizes=\"auto, (max-width: 576px) 100vw, 576px\" \/><\/a><\/p>\n<p>&nbsp;<\/p>\n<p>&nbsp;<\/p>\n<p>&nbsp;<\/p>\n<p>Los Servicios de Igualdad de Baztan, Bortziriak, Malerreka y Bertizarana ponen en marcha una nueva edici\u00f3n del grupo comarcal de hombres por la igualdad, un espacio dirigido a hombres que desean implicarse de manera activa y colectiva en la construcci\u00f3n de relaciones m\u00e1s igualitarias y libres de violencias machistas y que cuenta con la dinamizaci\u00f3n profesional de ERAIKIZ Kolektiboa.<\/p>\n<p>Tras la buena acogida de la primera edici\u00f3n, el grupo inicia su segundo a\u00f1o con el objetivo de seguir generando un lugar de encuentro, reflexi\u00f3n y aprendizaje compartido. Las personas participantes se reunir\u00e1n una vez al mes para abordar diferentes cuestiones relacionadas con las masculinidades, los cuidados, la corresponsabilidad, las violencias machistas, la cultura de la violaci\u00f3n, las relaciones, las emociones o el papel de los hombres en la construcci\u00f3n de una sociedad m\u00e1s igualitaria.<\/p>\n<p>La reuni\u00f3n de presentaci\u00f3n y organizaci\u00f3n del grupo tendr\u00e1 lugar el <strong>viernes 18 de septiembre<\/strong>, a las <strong>17:00 horas<\/strong>, en el <strong>edificio Galbaraialde de Doneztebe<\/strong>. Idioma: Euskera.<\/p>\n<p>El grupo est\u00e1 abierto a hombres de Xareta, Baztan, Bertizarana, Malerreka y Bortziriak, independientemente de su experiencia previa en este tipo de espacios. El \u00fanico requisito es tener inter\u00e9s por participar de forma activa, respetuosa y comprometida.<\/p>\n<p><strong>M\u00e1s informaci\u00f3n e inscripciones:<\/strong><\/p>\n<ul>\n<li><strong>Bortziriak:<\/strong> 722 693 078<\/li>\n<li><strong>Malerreka-Bertizarana:<\/strong> 621 120 620<\/li>\n<li><strong>Baztan:<\/strong> 613 003 634<\/li>\n<\/ul>\n<p>Los Servicios de Igualdad animan a todos los hombres interesados a acercarse a este espacio colectivo o a informarse sobre \u00e9l, entendiendo que avanzar hacia una sociedad m\u00e1s igualitaria requiere tambi\u00e9n de la implicaci\u00f3n activa de los hombres.<\/p>\n","protected":false},"author":3,"featured_media":26079,"template":"","format":"standard","meta":{"_wpml_word_count":["{\"total\":215,\"to_translate\":{\"es\":215}}"],"imagenslia":[""],"subti":["La reuni\u00f3n de presentaci\u00f3n y organizaci\u00f3n del grupo tendr\u00e1 lugar el viernes 18 de septiembre, a las 17:00 horas, en el edificio Galbaraialde de Doneztebe. Idioma: Euskera."],"barra":[""],"mostrar_barra":["1"],"_edit_lock":["1788439424:3"],"_edit_last":["3"],"_thumbnail_id":["26079"],"_exactmetrics_sitenote_active":["0"]},"class_list":["post-28374","noticias","type-noticias","status-publish","format-standard","has-post-thumbnail","hentry","categorianoticias-actualidad","categorianoticias-zerbitzuak-es"],"_links":{"self":[{"href":"https:\/\/www.baztan.eus\/es\/wp-json\/wp\/v2\/noticias\/28374","targetHints":{"allow":["GET"]}}],"collection":[{"href":"https:\/\/www.baztan.eus\/es\/wp-json\/wp\/v2\/noticias"}],"about":[{"href":"https:\/\/www.baztan.eus\/es\/wp-json\/wp\/v2\/types\/noticias"}],"author":[{"embeddable":true,"href":"https:\/\/www.baztan.eus\/es\/wp-json\/wp\/v2\/users\/3"}],"wp:featuredmedia":[{"embeddable":true,"href":"https:\/\/www.baztan.eus\/es\/wp-json\/wp\/v2\/media\/26079"}],"wp:attachment":[{"href":"https:\/\/www.baztan.eus\/es\/wp-json\/wp\/v2\/media?parent=28374"}],"curies":[{"name":"wp","href":"https:\/\/api.w.org\/{rel}","templated":true}]}}