{"id":28430,"date":"2026-09-04T06:04:30","date_gmt":"2026-09-04T06:04:30","guid":{"rendered":"https:\/\/www.baztan.eus\/?post_type=noticias&#038;p=28430"},"modified":"2026-09-04T06:04:30","modified_gmt":"2026-09-04T06:04:30","slug":"del-7-al-15-de-septiembre-plazo-de-inscripcion-en-los-cursos-de-otono","status":"publish","type":"noticias","link":"https:\/\/www.baztan.eus\/es\/noticias\/del-7-al-15-de-septiembre-plazo-de-inscripcion-en-los-cursos-de-otono\/","title":{"rendered":"Del 7 al 15 de septiembre , plazo de inscripci\u00f3n en los cursos de Oto\u00f1o"},"content":{"rendered":"<p>El lunes d\u00eda 7 de septiembre, se abre el plazo de inscripci\u00f3n para participar en los cursos de oto\u00f1o organizados por el Servicio de Cultura del Ayuntamiento de Baztan.<br \/>\nGaita, Atabal para personas iniciadas, Taller de Pl\u00e1stica para familias, Rob\u00f3tica con lego, entre otros. La novedad este a\u00f1o es un taller de escritura para personas adultas impartido por la escritora Itxaro Borda.<br \/>\nLas inscripciones se podr\u00e1n realizar en el Tel\u00e9fono 667807810 y en el correo electr\u00f3nico : kultura@baztan.eus<\/p>\n","protected":false},"author":9,"featured_media":28429,"template":"","format":"standard","meta":{"_wpml_word_count":["{\"total\":0,\"to_translate\":{\"eu\":2,\"es\":2}}"],"_edit_lock":["1788501731:9"],"_edit_last":["9"],"barra":[""],"imagenslia":[""],"subti":[""],"_thumbnail_id":["28429"],"mostrar_barra":["1"],"_exactmetrics_sitenote_active":["0"]},"class_list":["post-28430","noticias","type-noticias","status-publish","format-standard","has-post-thumbnail","hentry"],"_links":{"self":[{"href":"https:\/\/www.baztan.eus\/es\/wp-json\/wp\/v2\/noticias\/28430","targetHints":{"allow":["GET"]}}],"collection":[{"href":"https:\/\/www.baztan.eus\/es\/wp-json\/wp\/v2\/noticias"}],"about":[{"href":"https:\/\/www.baztan.eus\/es\/wp-json\/wp\/v2\/types\/noticias"}],"author":[{"embeddable":true,"href":"https:\/\/www.baztan.eus\/es\/wp-json\/wp\/v2\/users\/9"}],"wp:featuredmedia":[{"embeddable":true,"href":"https:\/\/www.baztan.eus\/es\/wp-json\/wp\/v2\/media\/28429"}],"wp:attachment":[{"href":"https:\/\/www.baztan.eus\/es\/wp-json\/wp\/v2\/media?parent=28430"}],"curies":[{"name":"wp","href":"https:\/\/api.w.org\/{rel}","templated":true}]}}