{"id":14025,"date":"2013-04-22T14:53:16","date_gmt":"2013-04-22T12:53:16","guid":{"rendered":"http:\/\/w2.baztan.eus\/foto-mena-s-l\/"},"modified":"2013-04-22T14:53:16","modified_gmt":"2013-04-22T12:53:16","slug":"foto-mena-s-l","status":"publish","type":"post","link":"https:\/\/www.baztan.eus\/es\/foto-mena-s-l\/","title":{"rendered":"FOTO MENA S.L."},"content":{"rendered":"<p><strong>Actividad:<\/strong>\u00a0Fot\u00f3grafo:<\/p>\n<ul>\n<li>Reportajes de bodas en su gran mayor\u00eda.<\/li>\n<li>Trabajos de estudio con ni\u00f1os y j\u00f3venes.<\/li>\n<li>Reportajes sociales.<\/li>\n<li>Gran gama y variedad de productos relacionados con la fotograf\u00eda de \u00faltima generaci\u00f3n.<\/li>\n<\/ul>\n<p><strong>Horario:<\/strong>\u00a0De 9:00 a 13:30 y de 16:00 a 20:30.<\/p>\n<p>&nbsp;<\/p>\n<p><strong>Direcci\u00f3n:<\/strong>\u00a0Calle Santiago 40 c.p. 31700 Elizondo (NAVARRA)<\/p>\n<p><strong>Tel\u00e9fono:<\/strong>\u00a0948 58 01 55<\/p>\n<p><strong>Fax:<\/strong>\u00a0948 45 08 25<\/p>\n<p><strong>Email:<\/strong>\u00a0<a title=\"Abrir\u00e1 su cliente de correo predeterminado\" href=\"mailto:itziar@fotomena.com\">itziar@fotomena.com<\/a><\/p>\n","protected":false},"excerpt":{"rendered":"<p>Actividad:\u00a0Fot\u00f3grafo: Reportajes de bodas en su gran mayor\u00eda. Trabajos de estudio con ni\u00f1os y j\u00f3venes. Reportajes sociales. Gran gama y variedad de productos relacionados con la fotograf\u00eda de \u00faltima generaci\u00f3n. Horario:\u00a0De 9:00 a 13:30 y de 16:00 a 20:30. &nbsp; Direcci\u00f3n:\u00a0Calle Santiago 40 c.p. 31700 Elizondo (NAVARRA) Tel\u00e9fono:\u00a0948 58 01 55 Fax:\u00a0948 45 08 25 [&hellip;]<\/p>\n","protected":false},"author":87,"featured_media":0,"comment_status":"closed","ping_status":"closed","sticky":false,"template":"","format":"standard","meta":{"_exactmetrics_skip_tracking":false,"_exactmetrics_sitenote_active":false,"_exactmetrics_sitenote_note":"","_exactmetrics_sitenote_category":0,"footnotes":""},"categories":[83],"tags":[],"class_list":["post-14025","post","type-post","status-publish","format-standard","hentry","category-enpresen-zerrenda"],"_links":{"self":[{"href":"https:\/\/www.baztan.eus\/es\/wp-json\/wp\/v2\/posts\/14025","targetHints":{"allow":["GET"]}}],"collection":[{"href":"https:\/\/www.baztan.eus\/es\/wp-json\/wp\/v2\/posts"}],"about":[{"href":"https:\/\/www.baztan.eus\/es\/wp-json\/wp\/v2\/types\/post"}],"author":[{"embeddable":true,"href":"https:\/\/www.baztan.eus\/es\/wp-json\/wp\/v2\/users\/87"}],"replies":[{"embeddable":true,"href":"https:\/\/www.baztan.eus\/es\/wp-json\/wp\/v2\/comments?post=14025"}],"version-history":[{"count":0,"href":"https:\/\/www.baztan.eus\/es\/wp-json\/wp\/v2\/posts\/14025\/revisions"}],"wp:attachment":[{"href":"https:\/\/www.baztan.eus\/es\/wp-json\/wp\/v2\/media?parent=14025"}],"wp:term":[{"taxonomy":"category","embeddable":true,"href":"https:\/\/www.baztan.eus\/es\/wp-json\/wp\/v2\/categories?post=14025"},{"taxonomy":"post_tag","embeddable":true,"href":"https:\/\/www.baztan.eus\/es\/wp-json\/wp\/v2\/tags?post=14025"}],"curies":[{"name":"wp","href":"https:\/\/api.w.org\/{rel}","templated":true}]}}