{"id":14169,"date":"2013-04-26T09:39:39","date_gmt":"2013-04-26T07:39:39","guid":{"rendered":"http:\/\/w2.baztan.eus\/elizondo-casas-nobles\/"},"modified":"2013-04-26T09:39:39","modified_gmt":"2013-04-26T07:39:39","slug":"elizondo-casas-nobles","status":"publish","type":"post","link":"https:\/\/www.baztan.eus\/es\/elizondo-casas-nobles\/","title":{"rendered":"ELIZONDO | CASAS NOBLES"},"content":{"rendered":"<p>Muestras de arquitectura palaciega que encontramos en\u00a0<strong>Elizondo<\/strong>\u00a0como m\u00e1s representativas del lugar:<\/p>\n<ul>\n<li><strong>Casa Arozarena<\/strong>: Este edificio barroco del siglo XVII, pertenece al mismo linaje que Arizkunenea pues coinciden en las armas. La entrada est\u00e1 cubierta por un amplio p\u00f3rtico arqueado. Y sobre este, en el primer piso o cuerpo, se encuentra un balc\u00f3n corrido sobre grandes m\u00e9nsulas p\u00e9treas decoradas con volutas al que dan tres huecos con enmarque moldurado. El piso superior con el muro de sillar, adquiere una disposici\u00f3n mas constre\u00f1ida, con dos balcones laterales, dos ventanas en el centro y el escudo nobiliario entre ellas. Sobre este piso se extiende la cornisa que en el centro se levantan arco por exigencias del escudo y sobre ella el alero de madera interrumpido en tres lugares para encajar las ventanas abuhardilladas. El escudo presenta una decorativa orla, muy barroca, en la que se enlazan con habilidad el mascar\u00f3n inferior, los leones, los ni\u00f1os tenantes y grandes ces avolutadas, todo ello timbrado por yelmo.<\/li>\n<li><strong>Casa Istekonea<\/strong>: Conocida como casa del Virrey por estar vinculada a don Pedro de Mendinueta y M\u00fazquiz. Fue construida a finales del siglo XVIII y principios del XIX. En la fachada se mezclan el retranqueamiento leve del plano central respecto a las alas laterales (que se puede deducir como reinterpretaci\u00f3n tard\u00eda del palacio de Arizkunenea) del siglo XVIII barroco, con la depuraci\u00f3n clasicista de principios del XIX. La portada estar\u00eda enmarcada por unas pilastras cajeadas. Y lo que le dar\u00eda vistosidad ser\u00eda la culminaci\u00f3n de la fachada en front\u00f3n triangular a cuya forma se adapta el alero de madera que se prolonga en horizontal sobre las alas laterales. En lugar destacado de esta fachada se encontrar\u00eda el escudo con decoraci\u00f3n de rocalla ya tard\u00eda y guirnaldas.<\/li>\n<p><img decoding=\"async\" src=\"\/wp-content\/uploads\/2013\/04\/Palacio_Datue_Elizondo.jpg\" alt=\"Exterior del Palacio Datue de Elizondo\" \/><\/p>\n<li><strong>Palacio de Datue<\/strong>: Situado fuera del casco urbano en direcci\u00f3n a Irurita, encontramos este palacio del que fue Virrey del Per\u00fa, don Agust\u00edn de Jauregui. Constituye otro hermoso ejemplo de edificio palaciego del siglo XVIII que forma un majestuoso bloque c\u00fabico, exento, con paramentos enlucidos y sillares rojos marcando las esquinas, vanos y fajas de separaci\u00f3n entre los cuerpos. Sobre el \u00faltimo cuerpo o piso, vuela un alero doble de madera que da paso al tejado a cuatro vertientes, del que emergen cuatro buhardillas. En el piso bajo se abre la portada de arco de medio punto con baquet\u00f3n central al que enmarcan columnas con sus contrapilastras de fuste liso, capitel d\u00f3rico y pedestales con puntas de diamante.<\/li>\n<li><strong>Ayuntamiento<\/strong>: El edificio que alberga el Ayuntamiento del Valle de Baztan, es un noble edificio barroco de finales del siglo XVII cuya fachada de sillar introduce variedad de color al combinar la piedra rojiza del paramento con la blanca de los enmarques de vanos. Se construye a partir de 1696 sobre un terreno comprado al monasterio de Urdax y fue condici\u00f3n impuesta al maestro cantero Juan de Arozarena, que la obra tomara modelo del palacio Jarola de Elvetea, tanto en la canter\u00eda como en la forja. El edificio conforma un bloque rectangular en el que se suceden el piso inferior porticado con tres arcos de medio punto, el primer piso o piso noble recorrido por un largo balc\u00f3n al que dan cinco huecos rectos t por \u00faltimo el \u00e1tico de cinco ventanas rectas con enmarque y antepecho moldurado que da paso al alero de madera.<\/li>\n<\/ul>\n<p>&nbsp;<\/p>\n<div><\/div>\n","protected":false},"excerpt":{"rendered":"<p>Muestras de arquitectura palaciega que encontramos en\u00a0Elizondo\u00a0como m\u00e1s representativas del lugar: Casa Arozarena: Este edificio barroco del siglo XVII, pertenece al mismo linaje que Arizkunenea pues coinciden en las armas. La entrada est\u00e1 cubierta por un amplio p\u00f3rtico arqueado. Y sobre este, en el primer piso o cuerpo, se encuentra un balc\u00f3n corrido sobre grandes [&hellip;]<\/p>\n","protected":false},"author":87,"featured_media":0,"comment_status":"closed","ping_status":"closed","sticky":false,"template":"","format":"standard","meta":{"_exactmetrics_skip_tracking":false,"_exactmetrics_sitenote_active":false,"_exactmetrics_sitenote_note":"","_exactmetrics_sitenote_category":0,"footnotes":""},"categories":[111],"tags":[],"class_list":["post-14169","post","type-post","status-publish","format-standard","hentry","category-ondarea_t"],"_links":{"self":[{"href":"https:\/\/www.baztan.eus\/es\/wp-json\/wp\/v2\/posts\/14169","targetHints":{"allow":["GET"]}}],"collection":[{"href":"https:\/\/www.baztan.eus\/es\/wp-json\/wp\/v2\/posts"}],"about":[{"href":"https:\/\/www.baztan.eus\/es\/wp-json\/wp\/v2\/types\/post"}],"author":[{"embeddable":true,"href":"https:\/\/www.baztan.eus\/es\/wp-json\/wp\/v2\/users\/87"}],"replies":[{"embeddable":true,"href":"https:\/\/www.baztan.eus\/es\/wp-json\/wp\/v2\/comments?post=14169"}],"version-history":[{"count":0,"href":"https:\/\/www.baztan.eus\/es\/wp-json\/wp\/v2\/posts\/14169\/revisions"}],"wp:attachment":[{"href":"https:\/\/www.baztan.eus\/es\/wp-json\/wp\/v2\/media?parent=14169"}],"wp:term":[{"taxonomy":"category","embeddable":true,"href":"https:\/\/www.baztan.eus\/es\/wp-json\/wp\/v2\/categories?post=14169"},{"taxonomy":"post_tag","embeddable":true,"href":"https:\/\/www.baztan.eus\/es\/wp-json\/wp\/v2\/tags?post=14169"}],"curies":[{"name":"wp","href":"https:\/\/api.w.org\/{rel}","templated":true}]}}