{"id":14177,"date":"2013-04-26T09:50:18","date_gmt":"2013-04-26T07:50:18","guid":{"rendered":"http:\/\/w2.baztan.eus\/erratzu-parroquia-de-san-pedro\/"},"modified":"2013-04-26T09:50:18","modified_gmt":"2013-04-26T07:50:18","slug":"erratzu-parroquia-de-san-pedro","status":"publish","type":"post","link":"https:\/\/www.baztan.eus\/es\/erratzu-parroquia-de-san-pedro\/","title":{"rendered":"ERRATZU | PARROQUIA DE SAN PEDRO"},"content":{"rendered":"<p>Situado en el centro del pueblo, encontramos la iglesia de San Pedro de\u00a0<strong>Erratzu<\/strong>, de buena f\u00e1brica de siller\u00eda pero de compleja historia constructiva. Los primeros datos documentales datan de la \u00faltima d\u00e9cada de del siglo XVI. Sin embargo la iglesia debi\u00f3 de quedar peque\u00f1a porque en 1727 se le amplia la nave, se le a\u00f1ade el crucero y se le hace nueva sacrist\u00eda. La torre y el p\u00f3rtico por el contrario, se le a\u00f1aden en 1751. La \u00faltima de las grandes reconstrucciones fue a ra\u00edz de la inundaci\u00f3n de 1913 que afect\u00f3 profundamente a la iglesia. Incluso algunas cr\u00f3nicas cuentan que el agua la parti\u00f3 verticalmente, destruyendo la sacrist\u00eda y arruinando el muro de la cabecera hasta el retablo mayor.<\/p>\n<p>En planta presenta una cruz latina con nave de tres tramos, alguno quiz\u00e1s correspondiente a la iglesia del siglo XVI. El exterior constituye un vasto complejo arquitect\u00f3nico de siller\u00eda rojiza que incluye p\u00f3rtico y claustro, elemento este que no deja de ser excepcional en relaci\u00f3n con un edificio parroquial.<\/p>\n<p>En el interior encontramos un retablo de la Virgen del Rosario de la primera mitad del siglo XVIII, lo mismo que el retablo colateral a este, el de San Francisco Javier. El retablo mayor por el contrario, es del siglo XX, de estilo neog\u00f3tico, hecho para sustituir el antiguo destrozado por las aguas en la mencionada inundaci\u00f3n.<\/p>\n<p>Como curiosidad destacaremos que una imagen de la Virgen del Rosario que se encontraba en la sacrist\u00eda, como reza en una inscripci\u00f3n \u00abfue arrastrada por la inundaci\u00f3n del 2 de Junio de 1913 y recogida en la borda de Arozaenea de Arizcun\u00bb.<\/p>\n<p>&nbsp;<\/p>\n<div><\/div>\n","protected":false},"excerpt":{"rendered":"<p>Situado en el centro del pueblo, encontramos la iglesia de San Pedro de\u00a0Erratzu, de buena f\u00e1brica de siller\u00eda pero de compleja historia constructiva. Los primeros datos documentales datan de la \u00faltima d\u00e9cada de del siglo XVI. Sin embargo la iglesia debi\u00f3 de quedar peque\u00f1a porque en 1727 se le amplia la nave, se le a\u00f1ade [&hellip;]<\/p>\n","protected":false},"author":87,"featured_media":0,"comment_status":"closed","ping_status":"closed","sticky":false,"template":"","format":"standard","meta":{"_exactmetrics_skip_tracking":false,"_exactmetrics_sitenote_active":false,"_exactmetrics_sitenote_note":"","_exactmetrics_sitenote_category":0,"footnotes":""},"categories":[111],"tags":[],"class_list":["post-14177","post","type-post","status-publish","format-standard","hentry","category-ondarea_t"],"_links":{"self":[{"href":"https:\/\/www.baztan.eus\/es\/wp-json\/wp\/v2\/posts\/14177","targetHints":{"allow":["GET"]}}],"collection":[{"href":"https:\/\/www.baztan.eus\/es\/wp-json\/wp\/v2\/posts"}],"about":[{"href":"https:\/\/www.baztan.eus\/es\/wp-json\/wp\/v2\/types\/post"}],"author":[{"embeddable":true,"href":"https:\/\/www.baztan.eus\/es\/wp-json\/wp\/v2\/users\/87"}],"replies":[{"embeddable":true,"href":"https:\/\/www.baztan.eus\/es\/wp-json\/wp\/v2\/comments?post=14177"}],"version-history":[{"count":0,"href":"https:\/\/www.baztan.eus\/es\/wp-json\/wp\/v2\/posts\/14177\/revisions"}],"wp:attachment":[{"href":"https:\/\/www.baztan.eus\/es\/wp-json\/wp\/v2\/media?parent=14177"}],"wp:term":[{"taxonomy":"category","embeddable":true,"href":"https:\/\/www.baztan.eus\/es\/wp-json\/wp\/v2\/categories?post=14177"},{"taxonomy":"post_tag","embeddable":true,"href":"https:\/\/www.baztan.eus\/es\/wp-json\/wp\/v2\/tags?post=14177"}],"curies":[{"name":"wp","href":"https:\/\/api.w.org\/{rel}","templated":true}]}}