{"id":14189,"date":"2013-04-26T12:51:53","date_gmt":"2013-04-26T10:51:53","guid":{"rendered":"http:\/\/w2.baztan.eus\/lekaroz-casas-nobles\/"},"modified":"2013-04-26T12:51:53","modified_gmt":"2013-04-26T10:51:53","slug":"lekaroz-casas-nobles","status":"publish","type":"post","link":"https:\/\/www.baztan.eus\/es\/lekaroz-casas-nobles\/","title":{"rendered":"LEKAROZ | CASAS NOBLES"},"content":{"rendered":"<p>Dos ser\u00edan las muestras de arquitectura palaciega que encontrar\u00edamos en\u00a0<strong>Lekaroz<\/strong>como m\u00e1s representativas del lugar:<\/p>\n<ul>\n<li><strong><img decoding=\"async\" src=\"\/wp-content\/uploads\/2013\/04\/Palacio_Aroztegia_Lekaroz.jpg\" alt=\"Vista el Palacio Arozteguia\" \/>Palacio Arozteguia<\/strong>: Situado en el barrio de Tellari, este palacio Cabo de Armer\u00eda, ya en 1513 aparece en la n\u00f3mina del Reino, dejando clara su antig\u00fcedad. Constituye un imponente bloque c\u00fabico de muros enlucidos con cadenas de sillar en esquinas y vanos, cuya fachada principal desarrolla tres alturas y \u00e1tico, rematada con cubierta a cuatro aguas. En la planta baja se abren una puerta de medio punto de rosca moldurada y otra puerta mas moderna adintelada. En el segundo piso encontramos tres balcones y en el tercero otro balc\u00f3n sostenido sobre cuatro m\u00e9nsulas p\u00e9treas y enmarcado por sendas ventanas. Culmina el conjunto un alero doble de madera tallada.<\/li>\n<li><strong><img decoding=\"async\" src=\"\/wp-content\/uploads\/2013\/04\/Palacio_Oharriz_Lekaroz.jpg\" alt=\"Exterior del Palacio Oh\u00e1rriz\" \/>Palacio Oh\u00e1rriz<\/strong>: Enclavado en el barrio del mismo nombre, esta casa fue solar de nacimiento de don Agust\u00edn de Jauregui, posteriormente el que ser\u00eda virrey del Per\u00fa. Esta casa obtendr\u00eda el titulo de Cabo de Armer\u00eda en 1675 cuando su propietario don Pedro de Jauregui realiza un donativo de 2.000 reales para reparar las murallas de Pamplona. El edificio de configura como un bloque prism\u00e1tico de gran solidez y prestancia, en cuya fachada principal de muros enlucidos con cadenas de sillar en esquinas y vanos se suceden en altura tres niveles: el inferior con sendas puertas de arcos rebajados, el segundo con balc\u00f3n central sobre cinco m\u00e9nsulas p\u00e9treas flanqueado por dos ventanas y finalmente en el \u00faltimo se alinean cuatro peque\u00f1os balcones bajo un tejado a cuatro aguas y en cuyo frente se abren tres mansardas con remate triangular.<\/li>\n<\/ul>\n<p>&nbsp;<\/p>\n<div><\/div>\n","protected":false},"excerpt":{"rendered":"<p>Dos ser\u00edan las muestras de arquitectura palaciega que encontrar\u00edamos en\u00a0Lekarozcomo m\u00e1s representativas del lugar: Palacio Arozteguia: Situado en el barrio de Tellari, este palacio Cabo de Armer\u00eda, ya en 1513 aparece en la n\u00f3mina del Reino, dejando clara su antig\u00fcedad. Constituye un imponente bloque c\u00fabico de muros enlucidos con cadenas de sillar en esquinas y [&hellip;]<\/p>\n","protected":false},"author":87,"featured_media":0,"comment_status":"closed","ping_status":"closed","sticky":false,"template":"","format":"standard","meta":{"_exactmetrics_skip_tracking":false,"_exactmetrics_sitenote_active":false,"_exactmetrics_sitenote_note":"","_exactmetrics_sitenote_category":0,"footnotes":""},"categories":[111],"tags":[],"class_list":["post-14189","post","type-post","status-publish","format-standard","hentry","category-ondarea_t"],"_links":{"self":[{"href":"https:\/\/www.baztan.eus\/es\/wp-json\/wp\/v2\/posts\/14189","targetHints":{"allow":["GET"]}}],"collection":[{"href":"https:\/\/www.baztan.eus\/es\/wp-json\/wp\/v2\/posts"}],"about":[{"href":"https:\/\/www.baztan.eus\/es\/wp-json\/wp\/v2\/types\/post"}],"author":[{"embeddable":true,"href":"https:\/\/www.baztan.eus\/es\/wp-json\/wp\/v2\/users\/87"}],"replies":[{"embeddable":true,"href":"https:\/\/www.baztan.eus\/es\/wp-json\/wp\/v2\/comments?post=14189"}],"version-history":[{"count":0,"href":"https:\/\/www.baztan.eus\/es\/wp-json\/wp\/v2\/posts\/14189\/revisions"}],"wp:attachment":[{"href":"https:\/\/www.baztan.eus\/es\/wp-json\/wp\/v2\/media?parent=14189"}],"wp:term":[{"taxonomy":"category","embeddable":true,"href":"https:\/\/www.baztan.eus\/es\/wp-json\/wp\/v2\/categories?post=14189"},{"taxonomy":"post_tag","embeddable":true,"href":"https:\/\/www.baztan.eus\/es\/wp-json\/wp\/v2\/tags?post=14189"}],"curies":[{"name":"wp","href":"https:\/\/api.w.org\/{rel}","templated":true}]}}