{"id":14339,"date":"2015-01-22T12:14:59","date_gmt":"2015-01-22T11:14:59","guid":{"rendered":"http:\/\/w2.baztan.eus\/desearia-saber-porque-se-retiraron-de-la-pagina-web-del-ayuntamiento-de-baztan-los-distintos-boletines-editados-por-la-anterior-corporacion-municipal-y-asimismo-el-motivo-o-motivos-por-los-que-no-se\/"},"modified":"2015-01-22T12:14:59","modified_gmt":"2015-01-22T11:14:59","slug":"desearia-saber-porque-se-retiraron-de-la-pagina-web-del-ayuntamiento-de-baztan-los-distintos-boletines-editados-por-la-anterior-corporacion-municipal-y-asimismo-el-motivo-o-motivos-por-los-que-no-se","status":"publish","type":"post","link":"https:\/\/www.baztan.eus\/es\/desearia-saber-porque-se-retiraron-de-la-pagina-web-del-ayuntamiento-de-baztan-los-distintos-boletines-editados-por-la-anterior-corporacion-municipal-y-asimismo-el-motivo-o-motivos-por-los-que-no-se\/","title":{"rendered":"Desear\u00eda saber porqu\u00e9 se retiraron de la p\u00e1gina web del Ayuntamiento de Baztan los distintos boletines editados por la anterior Corporaci\u00f3n Municipal. Y asimismo el motivo o motivos por los que no se incluyen los editados por la actual Corporaci\u00f3n cuando no existe problema t\u00e9cnico para hacerlo y contribuir\u00eda a facilitar su lectura y lo podr\u00edamos leer los vecinos e ibnteresados a los que NO se nos env\u00eda. Agradecido de antemano. 2015\/01\/15"},"content":{"rendered":"<table border=\"0\">\n<tbody>\n<tr>\n<td style=\"text-align: justify\" width=\"350\">\n<p>Egun on,<\/p>\n<p>Gure webguneak edukiera mugatua du eta horregatik ezin dugu aitzineko udalbatzek plazaratutako informazio osoa argitaratu. Legealdi honetan argitara emandakoei dagokienez, hemendi gutxira paratuko dira ikusgai.<\/p>\n<p>Adeitasunez,<\/p>\n<p>Garbi\u00f1e Elizegi (2015\/01\/22)<\/td>\n<td style=\"text-align: justify\" width=\"350\">\n<p><em>Buenos d\u00edas,<\/em><\/p>\n<p><em>Nuestra p\u00e1gina web tiene una capacidad limitada por lo que no es viable publicar toda la informaci\u00f3n publicada por anteriores corporaciones. En cuanto a los publicados esta legislatura, se colgar\u00e1n pr\u00f3ximamente.<br \/>\n<\/em><\/p>\n<p><em>Un saludo,<\/em><\/p>\n<p><em>Garbi\u00f1e Elizegi (22\/01\/2015)<\/em><\/td>\n<\/tr>\n<\/tbody>\n<\/table>\n<p><\/p>\n","protected":false},"excerpt":{"rendered":"<p>Egun on, Gure webguneak edukiera mugatua du eta horregatik ezin dugu aitzineko udalbatzek plazaratutako informazio osoa argitaratu. Legealdi honetan argitara emandakoei dagokienez, hemendi gutxira paratuko dira ikusgai. Adeitasunez, Garbi\u00f1e Elizegi (2015\/01\/22) Buenos d\u00edas, Nuestra p\u00e1gina web tiene una capacidad limitada por lo que no es viable publicar toda la informaci\u00f3n publicada por anteriores corporaciones. En [&hellip;]<\/p>\n","protected":false},"author":87,"featured_media":0,"comment_status":"closed","ping_status":"closed","sticky":false,"template":"","format":"standard","meta":{"_exactmetrics_skip_tracking":false,"_exactmetrics_sitenote_active":false,"_exactmetrics_sitenote_note":"","_exactmetrics_sitenote_category":0,"footnotes":""},"categories":[84],"tags":[],"class_list":["post-14339","post","type-post","status-publish","format-standard","hentry","category-erantzunak-alkate"],"_links":{"self":[{"href":"https:\/\/www.baztan.eus\/es\/wp-json\/wp\/v2\/posts\/14339","targetHints":{"allow":["GET"]}}],"collection":[{"href":"https:\/\/www.baztan.eus\/es\/wp-json\/wp\/v2\/posts"}],"about":[{"href":"https:\/\/www.baztan.eus\/es\/wp-json\/wp\/v2\/types\/post"}],"author":[{"embeddable":true,"href":"https:\/\/www.baztan.eus\/es\/wp-json\/wp\/v2\/users\/87"}],"replies":[{"embeddable":true,"href":"https:\/\/www.baztan.eus\/es\/wp-json\/wp\/v2\/comments?post=14339"}],"version-history":[{"count":0,"href":"https:\/\/www.baztan.eus\/es\/wp-json\/wp\/v2\/posts\/14339\/revisions"}],"wp:attachment":[{"href":"https:\/\/www.baztan.eus\/es\/wp-json\/wp\/v2\/media?parent=14339"}],"wp:term":[{"taxonomy":"category","embeddable":true,"href":"https:\/\/www.baztan.eus\/es\/wp-json\/wp\/v2\/categories?post=14339"},{"taxonomy":"post_tag","embeddable":true,"href":"https:\/\/www.baztan.eus\/es\/wp-json\/wp\/v2\/tags?post=14339"}],"curies":[{"name":"wp","href":"https:\/\/api.w.org\/{rel}","templated":true}]}}