{"id":14365,"date":"2016-01-11T16:19:46","date_gmt":"2016-01-11T15:19:46","guid":{"rendered":"http:\/\/w2.baztan.eus\/noticias-2\/"},"modified":"2026-01-16T07:52:40","modified_gmt":"2026-01-16T07:52:40","slug":"noticias-2","status":"publish","type":"post","link":"https:\/\/www.baztan.eus\/es\/noticias-2\/","title":{"rendered":"PUNTO LIMPIO FIJO BAZTAN"},"content":{"rendered":"<p>Aqu\u00ed encontrar\u00e1s informaci\u00f3n sobre el punto limpio fijo de Baztan: la ubicaci\u00f3n, el contacto, los residuos admitidos, el horario de apertura al p\u00fablico y los s\u00e1bados en los que la instalaci\u00f3n estar\u00e1 abierta.<\/p>\n<ul>\n<li><a href=\"https:\/\/www.baztan.eus\/wp-content\/uploads\/2016\/01\/UBIKAZIOA-TA-KONTAKTUA-PDF-1.pdf\" class=\"mtli_attachment mtli_pdf\">UBICACI\u00d3N Y CONTACTO<\/a><\/li>\n<\/ul>\n<ul>\n<li><img loading=\"lazy\" decoding=\"async\" class=\"alignnone wp-image-25410\" src=\"https:\/\/www.baztan.eus\/wp-content\/uploads\/2016\/01\/UBIKAZIOA-TA-KONTAKTUA-IRUDIA-300x300.png\" alt=\"\" width=\"469\" height=\"469\" srcset=\"https:\/\/www.baztan.eus\/wp-content\/uploads\/2016\/01\/UBIKAZIOA-TA-KONTAKTUA-IRUDIA-300x300.png 300w, https:\/\/www.baztan.eus\/wp-content\/uploads\/2016\/01\/UBIKAZIOA-TA-KONTAKTUA-IRUDIA-1024x1024.png 1024w, https:\/\/www.baztan.eus\/wp-content\/uploads\/2016\/01\/UBIKAZIOA-TA-KONTAKTUA-IRUDIA-150x150.png 150w, https:\/\/www.baztan.eus\/wp-content\/uploads\/2016\/01\/UBIKAZIOA-TA-KONTAKTUA-IRUDIA-768x768.png 768w, https:\/\/www.baztan.eus\/wp-content\/uploads\/2016\/01\/UBIKAZIOA-TA-KONTAKTUA-IRUDIA-115x115.png 115w, https:\/\/www.baztan.eus\/wp-content\/uploads\/2016\/01\/UBIKAZIOA-TA-KONTAKTUA-IRUDIA-350x350.png 350w, https:\/\/www.baztan.eus\/wp-content\/uploads\/2016\/01\/UBIKAZIOA-TA-KONTAKTUA-IRUDIA-450x450.png 450w, https:\/\/www.baztan.eus\/wp-content\/uploads\/2016\/01\/UBIKAZIOA-TA-KONTAKTUA-IRUDIA.png 1080w\" sizes=\"auto, (max-width: 469px) 100vw, 469px\" \/><\/li>\n<li><a href=\"https:\/\/www.baztan.eus\/wp-content\/uploads\/2016\/01\/ERAMAN-DAITEKEENAREN-ETA-EZEKOAREN-ETA-ORDUTEGIAREN-TAULA-IRUDIA-PDF.pdf\" class=\"mtli_attachment mtli_pdf\">RESIDUOS ADMITIDOS Y HORARIO<\/a><\/li>\n<\/ul>\n<p><img loading=\"lazy\" decoding=\"async\" class=\"alignnone wp-image-25412\" src=\"https:\/\/www.baztan.eus\/wp-content\/uploads\/2016\/01\/ERAMAN-DAITEKEENAREN-IRUDIAK-ETA-ORDUTEGIA-300x300.png\" alt=\"\" width=\"506\" height=\"506\" srcset=\"https:\/\/www.baztan.eus\/wp-content\/uploads\/2016\/01\/ERAMAN-DAITEKEENAREN-IRUDIAK-ETA-ORDUTEGIA-300x300.png 300w, https:\/\/www.baztan.eus\/wp-content\/uploads\/2016\/01\/ERAMAN-DAITEKEENAREN-IRUDIAK-ETA-ORDUTEGIA-1024x1024.png 1024w, https:\/\/www.baztan.eus\/wp-content\/uploads\/2016\/01\/ERAMAN-DAITEKEENAREN-IRUDIAK-ETA-ORDUTEGIA-150x150.png 150w, https:\/\/www.baztan.eus\/wp-content\/uploads\/2016\/01\/ERAMAN-DAITEKEENAREN-IRUDIAK-ETA-ORDUTEGIA-768x768.png 768w, https:\/\/www.baztan.eus\/wp-content\/uploads\/2016\/01\/ERAMAN-DAITEKEENAREN-IRUDIAK-ETA-ORDUTEGIA-115x115.png 115w, https:\/\/www.baztan.eus\/wp-content\/uploads\/2016\/01\/ERAMAN-DAITEKEENAREN-IRUDIAK-ETA-ORDUTEGIA-350x350.png 350w, https:\/\/www.baztan.eus\/wp-content\/uploads\/2016\/01\/ERAMAN-DAITEKEENAREN-IRUDIAK-ETA-ORDUTEGIA-450x450.png 450w, https:\/\/www.baztan.eus\/wp-content\/uploads\/2016\/01\/ERAMAN-DAITEKEENAREN-IRUDIAK-ETA-ORDUTEGIA.png 1080w\" sizes=\"auto, (max-width: 506px) 100vw, 506px\" \/><\/p>\n<ul>\n<li><a href=\"https:\/\/www.baztan.eus\/wp-content\/uploads\/2016\/01\/ZER-ERAMAN-DAITEKE-ZERRENDA-IRUDIA.pdf\" class=\"mtli_attachment mtli_pdf\">LISTADO RESIDUOS ADMITIDOS<\/a><\/li>\n<\/ul>\n<p><img loading=\"lazy\" decoding=\"async\" class=\"alignnone wp-image-25411\" src=\"https:\/\/www.baztan.eus\/wp-content\/uploads\/2016\/01\/ZER-ERAMAN-ZER-EZ-ZERRENDA-IRUDIA-300x300.png\" alt=\"\" width=\"502\" height=\"502\" srcset=\"https:\/\/www.baztan.eus\/wp-content\/uploads\/2016\/01\/ZER-ERAMAN-ZER-EZ-ZERRENDA-IRUDIA-300x300.png 300w, https:\/\/www.baztan.eus\/wp-content\/uploads\/2016\/01\/ZER-ERAMAN-ZER-EZ-ZERRENDA-IRUDIA-1024x1024.png 1024w, https:\/\/www.baztan.eus\/wp-content\/uploads\/2016\/01\/ZER-ERAMAN-ZER-EZ-ZERRENDA-IRUDIA-150x150.png 150w, https:\/\/www.baztan.eus\/wp-content\/uploads\/2016\/01\/ZER-ERAMAN-ZER-EZ-ZERRENDA-IRUDIA-768x768.png 768w, https:\/\/www.baztan.eus\/wp-content\/uploads\/2016\/01\/ZER-ERAMAN-ZER-EZ-ZERRENDA-IRUDIA-115x115.png 115w, https:\/\/www.baztan.eus\/wp-content\/uploads\/2016\/01\/ZER-ERAMAN-ZER-EZ-ZERRENDA-IRUDIA-350x350.png 350w, https:\/\/www.baztan.eus\/wp-content\/uploads\/2016\/01\/ZER-ERAMAN-ZER-EZ-ZERRENDA-IRUDIA-450x450.png 450w, https:\/\/www.baztan.eus\/wp-content\/uploads\/2016\/01\/ZER-ERAMAN-ZER-EZ-ZERRENDA-IRUDIA.png 1080w\" sizes=\"auto, (max-width: 502px) 100vw, 502px\" \/><\/p>\n<p>&nbsp;<\/p>\n<p><a href=\"https:\/\/www.baztan.eus\/wp-content\/uploads\/2016\/01\/BAZTANGO-GARBIGUNEAirekiera-larunbatak-20026.pdf\" class=\"mtli_attachment mtli_pdf\">BAZTANGO GARBIGUNEAirekiera larunbatak 20026<\/a>\/ APERTURA S\u00c1BADOS 2026<\/p>\n<p><img loading=\"lazy\" decoding=\"async\" class=\"alignnone size-medium wp-image-26111\" src=\"https:\/\/www.baztan.eus\/wp-content\/uploads\/2016\/01\/BAZTANGO-GARBIGUNEA-irekiera-larunbatak-2026-212x300.jpg\" alt=\"\" width=\"212\" height=\"300\" srcset=\"https:\/\/www.baztan.eus\/wp-content\/uploads\/2016\/01\/BAZTANGO-GARBIGUNEA-irekiera-larunbatak-2026-212x300.jpg 212w, https:\/\/www.baztan.eus\/wp-content\/uploads\/2016\/01\/BAZTANGO-GARBIGUNEA-irekiera-larunbatak-2026-724x1024.jpg 724w, https:\/\/www.baztan.eus\/wp-content\/uploads\/2016\/01\/BAZTANGO-GARBIGUNEA-irekiera-larunbatak-2026-768x1086.jpg 768w, https:\/\/www.baztan.eus\/wp-content\/uploads\/2016\/01\/BAZTANGO-GARBIGUNEA-irekiera-larunbatak-2026-1086x1536.jpg 1086w, https:\/\/www.baztan.eus\/wp-content\/uploads\/2016\/01\/BAZTANGO-GARBIGUNEA-irekiera-larunbatak-2026-81x115.jpg 81w, https:\/\/www.baztan.eus\/wp-content\/uploads\/2016\/01\/BAZTANGO-GARBIGUNEA-irekiera-larunbatak-2026.jpg 1414w\" sizes=\"auto, (max-width: 212px) 100vw, 212px\" \/><\/p>\n<p><strong>AVISOS:<\/strong><\/p>\n<p><img loading=\"lazy\" decoding=\"async\" class=\"alignnone size-medium wp-image-26183\" src=\"https:\/\/www.baztan.eus\/wp-content\/uploads\/2016\/01\/OPORRAK_HERTSITA-URTARRILA_2026-240x300.jpg\" alt=\"\" width=\"240\" height=\"300\" \/><\/p>\n","protected":false},"excerpt":{"rendered":"<p>Aqu\u00ed encontrar\u00e1s informaci\u00f3n sobre el punto limpio fijo de Baztan: la ubicaci\u00f3n, el contacto, los residuos admitidos, el horario de apertura al p\u00fablico y los s\u00e1bados en los que la instalaci\u00f3n estar\u00e1 abierta. UBICACI\u00d3N Y CONTACTO RESIDUOS ADMITIDOS Y HORARIO LISTADO RESIDUOS ADMITIDOS &nbsp; BAZTANGO GARBIGUNEAirekiera larunbatak 20026\/ APERTURA S\u00c1BADOS 2026 AVISOS:<\/p>\n","protected":false},"author":12,"featured_media":25833,"comment_status":"closed","ping_status":"closed","sticky":false,"template":"","format":"standard","meta":{"_exactmetrics_skip_tracking":false,"_exactmetrics_sitenote_active":false,"_exactmetrics_sitenote_note":"","_exactmetrics_sitenote_category":0,"footnotes":""},"categories":[96],"tags":[],"class_list":["post-14365","post","type-post","status-publish","format-standard","has-post-thumbnail","hentry","category-hondakinak_zerb"],"_links":{"self":[{"href":"https:\/\/www.baztan.eus\/es\/wp-json\/wp\/v2\/posts\/14365","targetHints":{"allow":["GET"]}}],"collection":[{"href":"https:\/\/www.baztan.eus\/es\/wp-json\/wp\/v2\/posts"}],"about":[{"href":"https:\/\/www.baztan.eus\/es\/wp-json\/wp\/v2\/types\/post"}],"author":[{"embeddable":true,"href":"https:\/\/www.baztan.eus\/es\/wp-json\/wp\/v2\/users\/12"}],"replies":[{"embeddable":true,"href":"https:\/\/www.baztan.eus\/es\/wp-json\/wp\/v2\/comments?post=14365"}],"version-history":[{"count":14,"href":"https:\/\/www.baztan.eus\/es\/wp-json\/wp\/v2\/posts\/14365\/revisions"}],"predecessor-version":[{"id":26188,"href":"https:\/\/www.baztan.eus\/es\/wp-json\/wp\/v2\/posts\/14365\/revisions\/26188"}],"wp:featuredmedia":[{"embeddable":true,"href":"https:\/\/www.baztan.eus\/es\/wp-json\/wp\/v2\/media\/25833"}],"wp:attachment":[{"href":"https:\/\/www.baztan.eus\/es\/wp-json\/wp\/v2\/media?parent=14365"}],"wp:term":[{"taxonomy":"category","embeddable":true,"href":"https:\/\/www.baztan.eus\/es\/wp-json\/wp\/v2\/categories?post=14365"},{"taxonomy":"post_tag","embeddable":true,"href":"https:\/\/www.baztan.eus\/es\/wp-json\/wp\/v2\/tags?post=14365"}],"curies":[{"name":"wp","href":"https:\/\/api.w.org\/{rel}","templated":true}]}}