{"id":14467,"date":"2017-03-09T10:16:34","date_gmt":"2017-03-09T09:16:34","guid":{"rendered":"http:\/\/w2.baztan.eus\/asteazkenetan-udaletxean-zegon-nan-berritzeko-bulegoa-itxi-da-ez-da-berriz-izanen-karneta-egiteko-edo-berritzeko-baztandar-guziek-irunerat-gan-behar-dugu-esker-mile-m-o-13-02-2017-pregunta-en\/"},"modified":"2017-03-09T10:16:34","modified_gmt":"2017-03-09T09:16:34","slug":"asteazkenetan-udaletxean-zegon-nan-berritzeko-bulegoa-itxi-da-ez-da-berriz-izanen-karneta-egiteko-edo-berritzeko-baztandar-guziek-irunerat-gan-behar-dugu-esker-mile-m-o-13-02-2017-pregunta-en","status":"publish","type":"post","link":"https:\/\/www.baztan.eus\/es\/asteazkenetan-udaletxean-zegon-nan-berritzeko-bulegoa-itxi-da-ez-da-berriz-izanen-karneta-egiteko-edo-berritzeko-baztandar-guziek-irunerat-gan-behar-dugu-esker-mile-m-o-13-02-2017-pregunta-en\/","title":{"rendered":"Asteazkenetan Udaletxean zegon NAN berritzeko bulegoa, itxi da? Ez da berriz izanen? Karneta egiteko edo berritzeko baztandar guziek Iru\u00f1erat gan behar dugu? Esker mile. M.O. (13\/02\/2017) (Pregunta en idioma de origen)"},"content":{"rendered":"<table border=\"0\">\n<tbody>\n<tr>\n<td style=\"text-align: justify\" width=\"350\">\n<p>Egun on,<\/p>\n<p>NANa egiteko bulegoko arduradunekin harremanetan paratu ondotik zerbitzua berregituratzen ari direla jakinarazi digute eta herrietako zerbitzu guztiak: Tafalla, Lizarra, Leitza\u2026 bertan behera gelditu direla. Estatuko administrazioan izaten ari diren murrizketen ondorioa omen da. Horrela, berregituraketa egin bizkitartean, baliabideak modu eraginkorrenean erabiltzeko Iru\u00f1ean zentralizatu dute dena. Uda pasatu artio ez dute aldaketarik aurrikusten. Herrietako zerbitzua berriz hastekotan, uda ondotik izanen litzateke.<\/p>\n<p>Baztandik zerbitzuaren arduradunari herritarren kezka eta arrangura jakinarazi diogu.<\/p>\n<p>Esker mila<\/p>\n<p>Joseba Otondo (2017\/03\/01)<\/p>\n<p style=\"text-align: justify\">\n<\/td>\n<td style=\"text-align: justify\" width=\"350\">\n<p>Buenos d\u00edas,<\/p>\n<p>Tras contactar con el responsable de la oficina de renovaci\u00f3n del DNI nos han comunicado que est\u00e1n reorganizando el servicio y que todos los servicios de pueblos: Tafalla, Lizarra, Leitza\u2026 han quedado anulados. Dicen que es consecuencia de las restricciones que sufre la Administraci\u00f3n del Estado. De este modo, mientras realizan la reorganizaci\u00f3n, han centralizado todo el servicio en Iru\u00f1a para optimizar los recursos. No tienen previstos cambios hasta despu\u00e9s del verano. En caso de retomar el servicio de los pueblos ser\u00eda despu\u00e9s del verano.<\/p>\n<p>Desde Baztan hemos trasladado al responsable del servicio la preocupaci\u00f3n y la queja de la ciudadan\u00eda.<\/p>\n<p>Muchas gracias.<br \/>\n<em>Joseba Otondo (1\/03\/2017)<\/em><\/td>\n<\/tr>\n<\/tbody>\n<\/table>\n<p><\/p>\n","protected":false},"excerpt":{"rendered":"<p>Egun on, NANa egiteko bulegoko arduradunekin harremanetan paratu ondotik zerbitzua berregituratzen ari direla jakinarazi digute eta herrietako zerbitzu guztiak: Tafalla, Lizarra, Leitza\u2026 bertan behera gelditu direla. Estatuko administrazioan izaten ari diren murrizketen ondorioa omen da. Horrela, berregituraketa egin bizkitartean, baliabideak modu eraginkorrenean erabiltzeko Iru\u00f1ean zentralizatu dute dena. Uda pasatu artio ez dute aldaketarik aurrikusten. Herrietako [&hellip;]<\/p>\n","protected":false},"author":87,"featured_media":0,"comment_status":"closed","ping_status":"closed","sticky":false,"template":"","format":"standard","meta":{"_exactmetrics_skip_tracking":false,"_exactmetrics_sitenote_active":false,"_exactmetrics_sitenote_note":"","_exactmetrics_sitenote_category":0,"footnotes":""},"categories":[84],"tags":[],"class_list":["post-14467","post","type-post","status-publish","format-standard","hentry","category-erantzunak-alkate"],"_links":{"self":[{"href":"https:\/\/www.baztan.eus\/es\/wp-json\/wp\/v2\/posts\/14467","targetHints":{"allow":["GET"]}}],"collection":[{"href":"https:\/\/www.baztan.eus\/es\/wp-json\/wp\/v2\/posts"}],"about":[{"href":"https:\/\/www.baztan.eus\/es\/wp-json\/wp\/v2\/types\/post"}],"author":[{"embeddable":true,"href":"https:\/\/www.baztan.eus\/es\/wp-json\/wp\/v2\/users\/87"}],"replies":[{"embeddable":true,"href":"https:\/\/www.baztan.eus\/es\/wp-json\/wp\/v2\/comments?post=14467"}],"version-history":[{"count":0,"href":"https:\/\/www.baztan.eus\/es\/wp-json\/wp\/v2\/posts\/14467\/revisions"}],"wp:attachment":[{"href":"https:\/\/www.baztan.eus\/es\/wp-json\/wp\/v2\/media?parent=14467"}],"wp:term":[{"taxonomy":"category","embeddable":true,"href":"https:\/\/www.baztan.eus\/es\/wp-json\/wp\/v2\/categories?post=14467"},{"taxonomy":"post_tag","embeddable":true,"href":"https:\/\/www.baztan.eus\/es\/wp-json\/wp\/v2\/tags?post=14467"}],"curies":[{"name":"wp","href":"https:\/\/api.w.org\/{rel}","templated":true}]}}