{"id":14550,"date":"2019-11-18T08:56:50","date_gmt":"2019-11-18T07:56:50","guid":{"rendered":"http:\/\/w2.baztan.eus\/diagnostico-sobre-la-situacion-de-la-vivienda-de-alquiler-en-baztan\/"},"modified":"2019-11-18T08:56:50","modified_gmt":"2019-11-18T07:56:50","slug":"diagnostico-sobre-la-situacion-de-la-vivienda-de-alquiler-en-baztan","status":"publish","type":"post","link":"https:\/\/www.baztan.eus\/es\/diagnostico-sobre-la-situacion-de-la-vivienda-de-alquiler-en-baztan\/","title":{"rendered":"DIAGN\u00d3STICO SOBRE LA SITUACI\u00d3N DE LA VIVIENDA DE ALQUILER EN BAZTAN"},"content":{"rendered":"<p>DESDE EL AYUNTAMIENTO DE BAZTAN QUEREMOS HACER UN DIAGN\u00d3STICO SOBRE LA SITUACI\u00d3N DE LA VIVIENDA DE ALQUILER EN BAZTAN, PARA ELLO HEMOS CREADO LA SIGUIENTE ENCUESTA. LES AGRADECER\u00cdAMOS QUE LA RELLENARAIS.<\/p>\n<p>PARA RRELLENARLA:<\/p>\n<p><a href=\"https:\/\/docs.google.com\/forms\/d\/e\/1FAIpQLSeJTbivq_iF0x9Z2W7Px5HH1Bgtl3VLedWEpgI5-guVoFYi7Q\/viewform\" target=\"_blank\" rel=\"noopener noreferrer\">https:\/\/docs.google.com\/forms\/d\/e\/1FAIpQLSeJTbivq_iF0x9Z2W7Px5HH1Bgtl3VLedWEpgI5-guVoFYi7Q\/viewform<\/a><\/p>\n<p>&nbsp;<\/p>\n<p>&nbsp;<\/p>\n<p>&nbsp;<\/p>\n<p>&nbsp;<\/p>\n","protected":false},"excerpt":{"rendered":"<p>DESDE EL AYUNTAMIENTO DE BAZTAN QUEREMOS HACER UN DIAGN\u00d3STICO SOBRE LA SITUACI\u00d3N DE LA VIVIENDA DE ALQUILER EN BAZTAN, PARA ELLO HEMOS CREADO LA SIGUIENTE ENCUESTA. LES AGRADECER\u00cdAMOS QUE LA RELLENARAIS. PARA RRELLENARLA: https:\/\/docs.google.com\/forms\/d\/e\/1FAIpQLSeJTbivq_iF0x9Z2W7Px5HH1Bgtl3VLedWEpgI5-guVoFYi7Q\/viewform &nbsp; &nbsp; &nbsp; &nbsp;<\/p>\n","protected":false},"author":134,"featured_media":8813,"comment_status":"closed","ping_status":"closed","sticky":false,"template":"","format":"standard","meta":{"_exactmetrics_skip_tracking":false,"_exactmetrics_sitenote_active":false,"_exactmetrics_sitenote_note":"","_exactmetrics_sitenote_category":0,"footnotes":""},"categories":[88],"tags":[],"class_list":["post-14550","post","type-post","status-publish","format-standard","has-post-thumbnail","hentry","category-garrantzitsuenak"],"_links":{"self":[{"href":"https:\/\/www.baztan.eus\/es\/wp-json\/wp\/v2\/posts\/14550","targetHints":{"allow":["GET"]}}],"collection":[{"href":"https:\/\/www.baztan.eus\/es\/wp-json\/wp\/v2\/posts"}],"about":[{"href":"https:\/\/www.baztan.eus\/es\/wp-json\/wp\/v2\/types\/post"}],"author":[{"embeddable":true,"href":"https:\/\/www.baztan.eus\/es\/wp-json\/wp\/v2\/users\/134"}],"replies":[{"embeddable":true,"href":"https:\/\/www.baztan.eus\/es\/wp-json\/wp\/v2\/comments?post=14550"}],"version-history":[{"count":0,"href":"https:\/\/www.baztan.eus\/es\/wp-json\/wp\/v2\/posts\/14550\/revisions"}],"wp:featuredmedia":[{"embeddable":true,"href":"https:\/\/www.baztan.eus\/es\/wp-json\/wp\/v2\/media\/8813"}],"wp:attachment":[{"href":"https:\/\/www.baztan.eus\/es\/wp-json\/wp\/v2\/media?parent=14550"}],"wp:term":[{"taxonomy":"category","embeddable":true,"href":"https:\/\/www.baztan.eus\/es\/wp-json\/wp\/v2\/categories?post=14550"},{"taxonomy":"post_tag","embeddable":true,"href":"https:\/\/www.baztan.eus\/es\/wp-json\/wp\/v2\/tags?post=14550"}],"curies":[{"name":"wp","href":"https:\/\/api.w.org\/{rel}","templated":true}]}}